{"id":5959,"date":"2023-10-24T16:24:39","date_gmt":"2023-10-24T20:24:39","guid":{"rendered":"https:\/\/nykcc.org\/?p=5959"},"modified":"2023-11-01T08:10:08","modified_gmt":"2023-11-01T12:10:08","slug":"director-bilal-korkut-greets-nykff7","status":"publish","type":"post","link":"https:\/\/nykcc.org\/oldsite\/director-bilal-korkut-greets-nykff7\/","title":{"rendered":"Director Bilal Korkut greets NYKFF7"},"content":{"rendered":"\t\t<div data-elementor-type=\"wp-post\" data-elementor-id=\"5959\" class=\"elementor elementor-5959\" data-elementor-post-type=\"post\">\n\t\t\t\t\t\t<section class=\"elementor-section elementor-top-section elementor-element elementor-element-f69b0f8 elementor-section-boxed elementor-section-height-default elementor-section-height-default\" data-id=\"f69b0f8\" data-element_type=\"section\" data-settings=\"{&quot;background_background&quot;:&quot;classic&quot;}\">\n\t\t\t\t\t\t<div class=\"elementor-container elementor-column-gap-default\">\n\t\t\t\t\t<div class=\"elementor-column elementor-col-100 elementor-top-column elementor-element elementor-element-e4712f9\" data-id=\"e4712f9\" data-element_type=\"column\">\n\t\t\t<div class=\"elementor-widget-wrap elementor-element-populated\">\n\t\t\t\t\t\t<div class=\"elementor-element elementor-element-51c71e7 elementor-widget elementor-widget-heading\" data-id=\"51c71e7\" data-element_type=\"widget\" data-widget_type=\"heading.default\">\n\t\t\t\t<div class=\"elementor-widget-container\">\n\t\t\t\t\t<h1 class=\"elementor-heading-title elementor-size-default\">Director Bilal Korkut's greeting to NYKFF7<\/h1>\t\t\t\t<\/div>\n\t\t\t\t<\/div>\n\t\t\t\t\t<\/div>\n\t\t<\/div>\n\t\t\t\t\t<\/div>\n\t\t<\/section>\n\t\t<div class=\"elementor-element elementor-element-2c56db2 e-flex e-con-boxed e-con e-parent\" data-id=\"2c56db2\" data-element_type=\"container\" data-settings=\"{&quot;background_background&quot;:&quot;classic&quot;}\">\n\t\t\t\t\t<div class=\"e-con-inner\">\n\t\t<div class=\"elementor-element elementor-element-0691fdb e-con-full e-flex e-con e-child\" data-id=\"0691fdb\" data-element_type=\"container\">\n\t\t\t\t<div class=\"elementor-element elementor-element-4c378f6 elementor-widget elementor-widget-text-editor\" data-id=\"4c378f6\" data-element_type=\"widget\" data-widget_type=\"text-editor.default\">\n\t\t\t\t<div class=\"elementor-widget-container\">\n\t\t\t\t\t\t\t\t\t<p><img fetchpriority=\"high\" decoding=\"async\" class=\"size-medium wp-image-5962 alignright\" src=\"https:\/\/nykcc.org\/oldsite\/oldsite\/\/wp-content\/uploads\/2023\/08\/DIR-Bilal-e1692217055330-300x262.jpg\" alt=\"Bilal Korkut\" width=\"300\" height=\"262\" srcset=\"https:\/\/nykcc.org\/oldsite\/wp-content\/uploads\/2023\/08\/DIR-Bilal-e1692217055330-300x262.jpg 300w, https:\/\/nykcc.org\/oldsite\/wp-content\/uploads\/2023\/08\/DIR-Bilal-e1692217055330.jpg 756w\" sizes=\"(max-width: 300px) 100vw, 300px\" \/>The NYKFF7 is thrilled to have the honor to screen Bilal Korkut&#8217;s film <em>The Hole in the Wall<\/em> in October. \u00a0Director Korkut has sent greetings to the Film Festival&#8211;watch the video <a href=\"https:\/\/www.youtube.com\/watch?v=aSmGavDb-P4\" target=\"_blank\" rel=\"noopener\">here<\/a>! The video is in Kurmanci, with English subtitles.<\/p><p>Bilal Korkut will appear at the festival in person for a Q&amp;A after the screening of his film.<\/p><p><span style=\"font-weight: 400;\">Bilal Korkut was born in 1987 in Nusaybin district in Mardin province. He graduated from Dicle University\u2019s Turkish Education Department in 2009. He earned an MA degree from the Kurdology Institute of Artuklu University in 2015. He directed several plays including <\/span><i><span style=\"font-weight: 400;\">We Are Neighbors, Women\u2019s Tales, Grandma and the Fox, <\/span><\/i><span style=\"font-weight: 400;\">and<\/span><i><span style=\"font-weight: 400;\"> The Little Prince.<\/span><\/i><span style=\"font-weight: 400;\"> In 2016 he began studies in the film and television department at Mimar Sinan University of Fine Arts in \u0130stanbul but left the program to return to Mardin, where he enrolled in a graduate program in the communications department of Mardin Artuklu University. He lives in Mardin where he studies and works as a secondary-school language arts teacher<\/span><\/p><p><span style=\"font-weight: 400;\">Bilal Korkut li sala 1987an li Nis\u00eab\u00eena Bakor\u00ea Kurdistan\u00ea ji day\u00eek b\u00fbye. Der\u00e7\u00fby\u00ea zan\u00eengeha D\u00eecle\/ be\u015fa ziman li sala 2009a ye. MD di be\u015fa Kurdoloj\u00ee y\u00ea de li zan\u00eengeha M\u00eard\u00een\u00ea wegirt\u00eeye. Be\u015fa S\u00eenema \u00fb Televzon\u00ea li zan\u00eengeha M\u00eemar S\u00eenan xwend\u00eeye l\u00ea ber\u00ee ku xwendina xwe bi daw\u00ee b\u00eene, vedigere M\u00eard\u00een\u00ea \u00fb niha be\u015fa S\u00eenemay\u00ea de MD dike.<\/span><\/p><p style=\"text-align: right;\"><span style=\"font-weight: 400;\">\u0628\u06cc\u0644\u0627\u0644 \u06a9\u06c6\u0631\u06a9\u0648\u062a \u0644\u06d5 \u0633\u0627\u06b5\u06cc 1987 \u0644\u06d5 \u0634\u0627\u0631\u06cc \u0646\u06cc\u0633\u06ce\u0628\u06cc\u0646\u0627 \u0628\u0627\u06a9\u06c6\u0631\u06cc \u06a9\u0648\u0631\u062f\u0633\u062a\u0627\u0646 \u0644\u06d5\u062f\u0627\u06cc\u06a9<\/span><\/p><p style=\"text-align: right;\"><span style=\"font-weight: 400;\">\u0628\u0648\u0648\u06d5. \u0644\u06d5 \u0633\u0627\u06b5\u06cc \u0662\u0660\u0660\u0669 \u0644\u06d5 \u0632\u0627\u0646\u06a9\u06c6\u06cc \u062f\u06cc\u06a9\u0644\/ \u0628\u06d5\u0634\u06cc \u0632\u0645\u0627\u0646 \u062f\u06d5\u0631\u0686\u0648\u0648\u06d5. \u062f\u06a9\u062a\u06c6\u0631\u0627\u06cc \u0644\u06d5 \u0628\u06d5\u0634\u06cc<\/span><\/p><p style=\"text-align: right;\"><span style=\"font-weight: 400;\">\u06a9\u0648\u0631\u062f\u06c6\u0644\u06c6\u0698\u06cc \u0644\u06d5 \u0632\u0627\u0646\u06a9\u06c6\u06cc \u0645\u0627\u0631\u062f\u06cc\u0646 \u0648\u06d5\u0631\u06af\u0631\u062a\u0648\u0648\u06d5. \u0628\u06d5\u0634\u06cc \u0633\u06cc\u0646\u06d5\u0645\u0627 \u0648 \u062a\u06d5\u0644\u06d5\u0641\u0632\u06cc\u06c6\u0646\u06cc \u0644\u06d5<\/span><\/p><p style=\"text-align: right;\"><span style=\"font-weight: 400;\">\u0632\u0627\u0646\u06a9\u06c6\u06cc \u0645\u06cc\u0645\u0627\u0631 \u0633\u06cc\u0646\u0627\u0646 \u062e\u0648\u06ce\u0646\u062f\u0648\u0648\u06cc\u06d5\u062a\u06cc\u060c \u0628\u06d5\u06b5\u0627\u0645 \u067e\u06ce\u0634 \u0626\u06d5\u0648\u06d5\u06cc \u062e\u0648\u06ce\u0646\u062f\u0646\u06d5\u06a9\u06d5\u06cc \u062a\u06d5\u0648\u0627\u0648 \u0628\u06a9\u0627\u062a\u060c<\/span><\/p><p style=\"text-align: right;\"><span style=\"font-weight: 400;\">\u06af\u06d5\u0695\u0627\u0648\u06d5\u062a\u06d5\u0648\u06d5 \u0628\u06c6 \u0645\u0627\u0631\u062f\u06cc\u0646 \u0648 \u0626\u06ce\u0633\u062a\u0627 \u0644\u06d5 \u0628\u06d5\u0634\u06cc \u0633\u06cc\u0646\u06d5\u0645\u0627 \u062f\u06a9\u062a\u06c6\u0631\u0627\u06cc\u06d5.<\/span><\/p><p style=\"text-align: right;\"><br style=\"font-weight: 400;\" \/><br style=\"font-weight: 400;\" \/><\/p>\t\t\t\t\t\t\t\t<\/div>\n\t\t\t\t<\/div>\n\t\t\t\t<\/div>\n\t\t\t\t\t<\/div>\n\t\t\t\t<\/div>\n\t\t<div class=\"elementor-element elementor-element-36ca936 e-flex e-con-boxed e-con e-parent\" data-id=\"36ca936\" data-element_type=\"container\" data-settings=\"{&quot;background_background&quot;:&quot;classic&quot;}\">\n\t\t\t\t\t<div class=\"e-con-inner\">\n\t\t\t\t<div class=\"elementor-element elementor-element-75a49f3 elementor-widget elementor-widget-heading\" data-id=\"75a49f3\" data-element_type=\"widget\" data-widget_type=\"heading.default\">\n\t\t\t\t<div class=\"elementor-widget-container\">\n\t\t\t\t\t<h2 class=\"elementor-heading-title elementor-size-default\">NYKFF7 Q&amp;A: Wednesday, October 25, 8:30pm<\/h2>\t\t\t\t<\/div>\n\t\t\t\t<\/div>\n\t\t\t\t<div class=\"elementor-element elementor-element-ce2db0d elementor-widget elementor-widget-spacer\" data-id=\"ce2db0d\" data-element_type=\"widget\" data-widget_type=\"spacer.default\">\n\t\t\t\t<div class=\"elementor-widget-container\">\n\t\t\t\t\t\t\t<div class=\"elementor-spacer\">\n\t\t\t<div class=\"elementor-spacer-inner\"><\/div>\n\t\t<\/div>\n\t\t\t\t\t\t<\/div>\n\t\t\t\t<\/div>\n\t\t\t\t\t<\/div>\n\t\t\t\t<\/div>\n\t\t\t\t<\/div>\n\t\t","protected":false},"excerpt":{"rendered":"<p>Director Bilal Korkut&#8217;s greeting to NYKFF7 The NYKFF7 is thrilled to have the honor to screen Bilal Korkut&#8217;s film The Hole in the Wall in October. \u00a0Director Korkut has sent greetings to the Film Festival&#8211;watch the video here! The video is in Kurmanci, with English subtitles. Bilal Korkut will appear at the festival in person [&hellip;]<\/p>\n","protected":false},"author":1,"featured_media":5960,"comment_status":"closed","ping_status":"open","sticky":false,"template":"","format":"standard","meta":{"give_campaign_id":0,"_monsterinsights_skip_tracking":false,"_monsterinsights_sitenote_active":false,"_monsterinsights_sitenote_note":"","_monsterinsights_sitenote_category":0,"footnotes":""},"categories":[138],"tags":[140],"class_list":["post-5959","post","type-post","status-publish","format-standard","has-post-thumbnail","hentry","category-nykff7-director-videos","tag-bilal-korkut"],"aioseo_notices":[],"_links":{"self":[{"href":"https:\/\/nykcc.org\/oldsite\/wp-json\/wp\/v2\/posts\/5959","targetHints":{"allow":["GET"]}}],"collection":[{"href":"https:\/\/nykcc.org\/oldsite\/wp-json\/wp\/v2\/posts"}],"about":[{"href":"https:\/\/nykcc.org\/oldsite\/wp-json\/wp\/v2\/types\/post"}],"author":[{"embeddable":true,"href":"https:\/\/nykcc.org\/oldsite\/wp-json\/wp\/v2\/users\/1"}],"replies":[{"embeddable":true,"href":"https:\/\/nykcc.org\/oldsite\/wp-json\/wp\/v2\/comments?post=5959"}],"version-history":[{"count":12,"href":"https:\/\/nykcc.org\/oldsite\/wp-json\/wp\/v2\/posts\/5959\/revisions"}],"predecessor-version":[{"id":7980,"href":"https:\/\/nykcc.org\/oldsite\/wp-json\/wp\/v2\/posts\/5959\/revisions\/7980"}],"wp:featuredmedia":[{"embeddable":true,"href":"https:\/\/nykcc.org\/oldsite\/wp-json\/wp\/v2\/media\/5960"}],"wp:attachment":[{"href":"https:\/\/nykcc.org\/oldsite\/wp-json\/wp\/v2\/media?parent=5959"}],"wp:term":[{"taxonomy":"category","embeddable":true,"href":"https:\/\/nykcc.org\/oldsite\/wp-json\/wp\/v2\/categories?post=5959"},{"taxonomy":"post_tag","embeddable":true,"href":"https:\/\/nykcc.org\/oldsite\/wp-json\/wp\/v2\/tags?post=5959"}],"curies":[{"name":"wp","href":"https:\/\/api.w.org\/{rel}","templated":true}]}}