{"id":5080,"date":"2023-10-24T14:48:26","date_gmt":"2023-10-24T18:48:26","guid":{"rendered":"https:\/\/nykcc.org\/?p=5080"},"modified":"2023-10-25T21:43:08","modified_gmt":"2023-10-26T01:43:08","slug":"the-hole-in-the-wall-by-bilal-korkut","status":"publish","type":"post","link":"https:\/\/nykcc.org\/oldsite\/the-hole-in-the-wall-by-bilal-korkut\/","title":{"rendered":"&#8220;The Hole in the Wall&#8221; by Bilal Korkut"},"content":{"rendered":"\t\t<div data-elementor-type=\"wp-post\" data-elementor-id=\"5080\" class=\"elementor elementor-5080\" data-elementor-post-type=\"post\">\n\t\t\t\t\t\t<section class=\"elementor-section elementor-top-section elementor-element elementor-element-c3cca30 elementor-section-boxed elementor-section-height-default elementor-section-height-default\" data-id=\"c3cca30\" data-element_type=\"section\" data-settings=\"{&quot;background_background&quot;:&quot;classic&quot;}\">\n\t\t\t\t\t\t<div class=\"elementor-container elementor-column-gap-default\">\n\t\t\t\t\t<div class=\"elementor-column elementor-col-100 elementor-top-column elementor-element elementor-element-48f9d5f\" data-id=\"48f9d5f\" data-element_type=\"column\">\n\t\t\t<div class=\"elementor-widget-wrap elementor-element-populated\">\n\t\t\t\t\t\t<div class=\"elementor-element elementor-element-21f2cca elementor-widget elementor-widget-heading\" data-id=\"21f2cca\" data-element_type=\"widget\" data-widget_type=\"heading.default\">\n\t\t\t\t<div class=\"elementor-widget-container\">\n\t\t\t\t\t<h2 class=\"elementor-heading-title elementor-size-default\">The Hole in the Wall (B\u00eeraxane)  \u0628\u06cc\u0631\u06d5\u062e\u0627\u0646\u06d5<\/h2>\t\t\t\t<\/div>\n\t\t\t\t<\/div>\n\t\t\t\t\t<\/div>\n\t\t<\/div>\n\t\t\t\t\t<\/div>\n\t\t<\/section>\n\t\t\t\t<section class=\"elementor-section elementor-top-section elementor-element elementor-element-f3cc3db elementor-section-boxed elementor-section-height-default elementor-section-height-default\" data-id=\"f3cc3db\" data-element_type=\"section\" data-settings=\"{&quot;background_background&quot;:&quot;classic&quot;}\">\n\t\t\t\t\t\t<div class=\"elementor-container elementor-column-gap-default\">\n\t\t\t\t\t<div class=\"elementor-column elementor-col-100 elementor-top-column elementor-element elementor-element-f3cb33b\" data-id=\"f3cb33b\" data-element_type=\"column\">\n\t\t\t<div class=\"elementor-widget-wrap elementor-element-populated\">\n\t\t\t\t\t\t<section class=\"elementor-section elementor-inner-section elementor-element elementor-element-946b2cf elementor-section-boxed elementor-section-height-default elementor-section-height-default\" data-id=\"946b2cf\" data-element_type=\"section\" data-settings=\"{&quot;background_background&quot;:&quot;classic&quot;}\">\n\t\t\t\t\t\t<div class=\"elementor-container elementor-column-gap-default\">\n\t\t\t\t\t<div class=\"elementor-column elementor-col-50 elementor-inner-column elementor-element elementor-element-64a6051\" data-id=\"64a6051\" data-element_type=\"column\">\n\t\t\t<div class=\"elementor-widget-wrap elementor-element-populated\">\n\t\t\t\t\t\t<div class=\"elementor-element elementor-element-82dd06c elementor-widget elementor-widget-text-editor\" data-id=\"82dd06c\" data-element_type=\"widget\" data-widget_type=\"text-editor.default\">\n\t\t\t\t<div class=\"elementor-widget-container\">\n\t\t\t\t\t\t\t\t\t<p style=\"font-weight: 400;\"><strong>BILAL KORKUT<\/strong><\/p><p><strong>Bakur\/Turkey, \u00a02022<\/strong><\/p><p><strong>Kurmanci, with English subtitles<\/strong><\/p><p><strong>Fiction<\/strong><\/p><p style=\"font-weight: 400;\"><strong>76 minutes<\/strong><\/p>\t\t\t\t\t\t\t\t<\/div>\n\t\t\t\t<\/div>\n\t\t\t\t\t<\/div>\n\t\t<\/div>\n\t\t\t\t<div class=\"elementor-column elementor-col-50 elementor-inner-column elementor-element elementor-element-e5fad2b\" data-id=\"e5fad2b\" data-element_type=\"column\">\n\t\t\t<div class=\"elementor-widget-wrap elementor-element-populated\">\n\t\t\t\t\t\t<div class=\"elementor-element elementor-element-614299f elementor-widget elementor-widget-image\" data-id=\"614299f\" data-element_type=\"widget\" data-widget_type=\"image.default\">\n\t\t\t\t<div class=\"elementor-widget-container\">\n\t\t\t\t\t\t\t\t\t\t\t\t\t\t\t<img fetchpriority=\"high\" decoding=\"async\" width=\"800\" height=\"548\" src=\"https:\/\/nykcc.org\/oldsite\/wp-content\/uploads\/2023\/08\/02-still-1024x702.jpg\" class=\"attachment-large size-large wp-image-5301\" alt=\"Hole in the Wall still\" srcset=\"https:\/\/nykcc.org\/oldsite\/wp-content\/uploads\/2023\/08\/02-still-1024x702.jpg 1024w, https:\/\/nykcc.org\/oldsite\/wp-content\/uploads\/2023\/08\/02-still-300x206.jpg 300w, https:\/\/nykcc.org\/oldsite\/wp-content\/uploads\/2023\/08\/02-still-768x526.jpg 768w, https:\/\/nykcc.org\/oldsite\/wp-content\/uploads\/2023\/08\/02-still.jpg 1185w\" sizes=\"(max-width: 800px) 100vw, 800px\" \/>\t\t\t\t\t\t\t\t\t\t\t\t\t\t\t<\/div>\n\t\t\t\t<\/div>\n\t\t\t\t\t<\/div>\n\t\t<\/div>\n\t\t\t\t\t<\/div>\n\t\t<\/section>\n\t\t\t\t\t<\/div>\n\t\t<\/div>\n\t\t\t\t\t<\/div>\n\t\t<\/section>\n\t\t\t\t<section class=\"elementor-section elementor-top-section elementor-element elementor-element-4e0c67a elementor-section-boxed elementor-section-height-default elementor-section-height-default\" data-id=\"4e0c67a\" data-element_type=\"section\" data-settings=\"{&quot;background_background&quot;:&quot;classic&quot;}\">\n\t\t\t\t\t\t<div class=\"elementor-container elementor-column-gap-default\">\n\t\t\t\t\t<div class=\"elementor-column elementor-col-100 elementor-top-column elementor-element elementor-element-91df431\" data-id=\"91df431\" data-element_type=\"column\">\n\t\t\t<div class=\"elementor-widget-wrap elementor-element-populated\">\n\t\t\t\t\t\t<div class=\"elementor-element elementor-element-be26add elementor-widget elementor-widget-text-editor\" data-id=\"be26add\" data-element_type=\"widget\" data-widget_type=\"text-editor.default\">\n\t\t\t\t<div class=\"elementor-widget-container\">\n\t\t\t\t\t\t\t\t\t<p><span style=\"font-weight: 400;\"><strong>Synopsis<\/strong>:<\/span><\/p><p><span style=\"font-weight: 400;\">David, an American Kurdologist, traces a beloved poem to a hole-in-the-wall bar in Kurdistan and finds himself immersed in a world of poetry.\u00a0<\/span><\/p><p><span style=\"font-weight: 400;\">Kurdolog\u00ea emer\u00eek\u00ee (David), li pey \u015fopa helbestvan\u00ea ko j\u00ea hez dike (Arjen Ar\u00ee) digere \u00fb t\u00ea bajar\u00ea w\u00ee. Li B\u00eeraxaneyek\u00ea, xwe li nav helbestek\u00ea de dib\u00eene.\u00a0<\/span><\/p><p style=\"text-align: right;\"><span style=\"font-weight: 400;\">\u00a0\u06a9\u0648\u0631\u062f\u0646\u0627\u0633\u06cc \u0626\u06d5\u0645\u0631\u06cc\u06a9\u06cc (\u062f\u06d5\u06cc\u06a4\u06cc\u062f) \u0634\u0648\u06ce\u0646\u067e\u06ce\u06cc \u0626\u06d5\u0648 \u0634\u0627\u0639\u06cc\u0631\u06d5 \u062f\u06d5\u06af\u0631\u06ce\u062a \u06a9\u06d5 \u062e\u06c6\u0634\u06cc \u062f\u06d5\u0648\u06ce\u062a (\u0626\u0627\u0631\u062c\u0646 \u0626\u0627\u0631\u06cc) \u0648 \u062f\u06ce\u062a\u06d5 \u0634\u0627\u0631\u06d5\u06a9\u06d5\u06cc. \u0644\u06d5 \u0628\u06cc\u0631\u06d5\u062e\u0627\u0646\u06d5\u06cc\u06d5\u06a9\u062f\u0627 \u062e\u06c6\u06cc \u0644\u06d5 \u0634\u06cc\u0639\u0631\u06ce\u06a9\u062f\u0627 \u062f\u06d5\u0628\u06cc\u0646\u06ce\u062a\u06d5\u0648\u06d5.<\/span><\/p><p><span style=\"font-weight: 400;\"><strong><img decoding=\"async\" class=\"alignright wp-image-5618\" src=\"https:\/\/nykcc.org\/oldsite\/oldsite\/\/wp-content\/uploads\/2023\/08\/Bilal-korkut-287x300.jpg\" alt=\"Bilal Korkut\" width=\"300\" height=\"314\" srcset=\"https:\/\/nykcc.org\/oldsite\/wp-content\/uploads\/2023\/08\/Bilal-korkut-287x300.jpg 287w, https:\/\/nykcc.org\/oldsite\/wp-content\/uploads\/2023\/08\/Bilal-korkut-979x1024.jpg 979w, https:\/\/nykcc.org\/oldsite\/wp-content\/uploads\/2023\/08\/Bilal-korkut-768x803.jpg 768w, https:\/\/nykcc.org\/oldsite\/wp-content\/uploads\/2023\/08\/Bilal-korkut.webp 1407w\" sizes=\"(max-width: 300px) 100vw, 300px\" \/>Director&#8217;s biography:<\/strong><\/span><\/p><p><span style=\"font-weight: 400;\">Bilal Korkut was born in 1987 in Nusaybin district in Mardin province. He graduated from Dicle University\u2019s Turkish Education Department in 2009. He earned an MA degree from the Kurdology Institute of Artuklu University in 2015. He directed several plays including <\/span><i><span style=\"font-weight: 400;\">We Are Neighbors, Women\u2019s Tales, Grandma and the Fox, <\/span><\/i><span style=\"font-weight: 400;\">and<\/span><i><span style=\"font-weight: 400;\"> The Little Prince.<\/span><\/i><span style=\"font-weight: 400;\"> In 2016 he began studies in the film and television department at Mimar Sinan University of Fine Arts in \u0130stanbul but left the program to return to Mardin. There he enrolled in a graduate program in the communications department of Mardin Artuklu University. He lives in Mardin where he studies and works as a secondary-school language arts teacher<\/span><\/p><p><span style=\"font-weight: 400;\">Bilal Korkut li sala 1987an li Nis\u00eab\u00eena Bakor\u00ea Kurdistan\u00ea ji day\u00eek b\u00fbye. Der\u00e7\u00fby\u00ea zan\u00eengeha D\u00eecle\/ be\u015fa ziman li sala 2009a ye. MD di be\u015fa Kurdoloj\u00ee y\u00ea de li zan\u00eengeha M\u00eard\u00een\u00ea wegirt\u00eeye. Be\u015fa S\u00eenema \u00fb Televzon\u00ea li zan\u00eengeha M\u00eemar S\u00eenan xwend\u00eeye l\u00ea ber\u00ee ku xwendina xwe bi daw\u00ee b\u00eene, vedigere M\u00eard\u00een\u00ea \u00fb niha be\u015fa S\u00eenemay\u00ea de MD dike.<\/span><\/p><p style=\"text-align: right;\"><span style=\"font-weight: 400;\">\u0628\u06cc\u0644\u0627\u0644 \u06a9\u06c6\u0631\u06a9\u0648\u062a \u0644\u06d5 \u0633\u0627\u06b5\u06cc 1987 \u0644\u06d5 \u0634\u0627\u0631\u06cc \u0646\u06cc\u0633\u06ce\u0628\u06cc\u0646\u0627 \u0628\u0627\u06a9\u06c6\u0631\u06cc \u06a9\u0648\u0631\u062f\u0633\u062a\u0627\u0646 \u0644\u06d5\u062f\u0627\u06cc\u06a9<\/span><\/p><p style=\"text-align: right;\"><span style=\"font-weight: 400;\">\u0628\u0648\u0648\u06d5. \u0644\u06d5 \u0633\u0627\u06b5\u06cc \u0662\u0660\u0660\u0669 \u0644\u06d5 \u0632\u0627\u0646\u06a9\u06c6\u06cc \u062f\u06cc\u06a9\u0644\/ \u0628\u06d5\u0634\u06cc \u0632\u0645\u0627\u0646 \u062f\u06d5\u0631\u0686\u0648\u0648\u06d5. \u062f\u06a9\u062a\u06c6\u0631\u0627\u06cc \u0644\u06d5 \u0628\u06d5\u0634\u06cc<\/span><\/p><p style=\"text-align: right;\"><span style=\"font-weight: 400;\">\u06a9\u0648\u0631\u062f\u06c6\u0644\u06c6\u0698\u06cc \u0644\u06d5 \u0632\u0627\u0646\u06a9\u06c6\u06cc \u0645\u0627\u0631\u062f\u06cc\u0646 \u0648\u06d5\u0631\u06af\u0631\u062a\u0648\u0648\u06d5. \u0628\u06d5\u0634\u06cc \u0633\u06cc\u0646\u06d5\u0645\u0627 \u0648 \u062a\u06d5\u0644\u06d5\u0641\u0632\u06cc\u06c6\u0646\u06cc \u0644\u06d5<\/span><\/p><p style=\"text-align: right;\"><span style=\"font-weight: 400;\">\u0632\u0627\u0646\u06a9\u06c6\u06cc \u0645\u06cc\u0645\u0627\u0631 \u0633\u06cc\u0646\u0627\u0646 \u062e\u0648\u06ce\u0646\u062f\u0648\u0648\u06cc\u06d5\u062a\u06cc\u060c \u0628\u06d5\u06b5\u0627\u0645 \u067e\u06ce\u0634 \u0626\u06d5\u0648\u06d5\u06cc \u062e\u0648\u06ce\u0646\u062f\u0646\u06d5\u06a9\u06d5\u06cc \u062a\u06d5\u0648\u0627\u0648 \u0628\u06a9\u0627\u062a\u060c<\/span><\/p><p style=\"text-align: right;\"><span style=\"font-weight: 400;\">\u06af\u06d5\u0695\u0627\u0648\u06d5\u062a\u06d5\u0648\u06d5 \u0628\u06c6 \u0645\u0627\u0631\u062f\u06cc\u0646 \u0648 \u0626\u06ce\u0633\u062a\u0627 \u0644\u06d5 \u0628\u06d5\u0634\u06cc \u0633\u06cc\u0646\u06d5\u0645\u0627 \u062f\u06a9\u062a\u06c6\u0631\u0627\u06cc\u06d5.<\/span><\/p><p>\u00a0<\/p><p><b>Director\u2019s filmography:<\/b><\/p><p><i><span style=\"font-weight: 400;\">Nasil Yapmal\u0131 <\/span><\/i><span style=\"font-weight: 400;\">(\u00c7i Bikim) (What Should We Do?), 2020<\/span><\/p><p><i><span style=\"font-weight: 400;\">Akademi \u0130\u00e7in \u0130kinci Rapor <\/span><\/i><span style=\"font-weight: 400;\">(Du Raport bo Akadem\u00eey\u00ea) (Two Reports to the Academy), 2019<\/span><\/p><p><i><span style=\"font-weight: 400;\">Ekme\u011fimi Kazan\u0131rken <\/span><\/i><span style=\"font-weight: 400;\">(Li Pey Nan\u00ea Xwe) (In the World), 2017<\/span><\/p><p><i><span style=\"font-weight: 400;\">Ben Tusubasay\u0131m <\/span><\/i><span style=\"font-weight: 400;\">(Ez Tusubasa Me) (I Am Tusubasa), 2016<\/span><\/p><p>\u00a0<\/p><p><b>Awards for <i>The Hole in the Wall:<\/i><\/b><\/p><p><span style=\"font-weight: 400;\">Winner of Best Actor, 9th Duhok Kurdish Film Festival (Kurdistan, 2022)<\/span><\/p><p><span style=\"font-weight: 400;\">Winner of Best Director, Roots of Europa International Film Festival (2017)<\/span><\/p><p><span style=\"font-weight: 400;\">Winner of Best Original Music,14th Marmara \u0130leti\u015fim Short Film Festival (2017)<\/span><\/p><p><span style=\"font-weight: 400;\">Winner of Mansiyon Prize, 12th Boston Turkish Documentary and Short Film Competition (2017)<\/span><\/p><p>\u00a0<\/p><p><strong>Trailer:<\/strong><\/p><p>Watch the trailer for <em>The Hole in the Wall<\/em> <a href=\"https:\/\/www.youtube.com\/watch?v=JZ9U296fEME\" target=\"_blank\" rel=\"noopener\">here<\/a>.<br style=\"font-weight: 400;\" \/><br style=\"font-weight: 400;\" \/><\/p>\t\t\t\t\t\t\t\t<\/div>\n\t\t\t\t<\/div>\n\t\t\t\t\t<\/div>\n\t\t<\/div>\n\t\t\t\t\t<\/div>\n\t\t<\/section>\n\t\t\t\t<section class=\"elementor-section elementor-top-section elementor-element elementor-element-4bcf179 elementor-section-boxed elementor-section-height-default elementor-section-height-default\" data-id=\"4bcf179\" data-element_type=\"section\" data-settings=\"{&quot;background_background&quot;:&quot;classic&quot;}\">\n\t\t\t\t\t\t<div class=\"elementor-container elementor-column-gap-default\">\n\t\t\t\t\t<div class=\"elementor-column elementor-col-100 elementor-top-column elementor-element elementor-element-130ec55\" data-id=\"130ec55\" data-element_type=\"column\">\n\t\t\t<div class=\"elementor-widget-wrap elementor-element-populated\">\n\t\t\t\t\t\t<div class=\"elementor-element elementor-element-595d00f elementor-widget elementor-widget-heading\" data-id=\"595d00f\" data-element_type=\"widget\" data-widget_type=\"heading.default\">\n\t\t\t\t<div class=\"elementor-widget-container\">\n\t\t\t\t\t<h2 class=\"elementor-heading-title elementor-size-default\">NYKFF7 Screening: Wednesday, October 25, 7:15pm<\/h2>\t\t\t\t<\/div>\n\t\t\t\t<\/div>\n\t\t\t\t\t<\/div>\n\t\t<\/div>\n\t\t\t\t\t<\/div>\n\t\t<\/section>\n\t\t\t\t<section class=\"elementor-section elementor-top-section elementor-element elementor-element-945a954 elementor-section-boxed elementor-section-height-default elementor-section-height-default\" data-id=\"945a954\" data-element_type=\"section\" data-settings=\"{&quot;background_background&quot;:&quot;classic&quot;}\">\n\t\t\t\t\t\t<div class=\"elementor-container elementor-column-gap-default\">\n\t\t\t\t\t<div class=\"elementor-column elementor-col-100 elementor-top-column elementor-element elementor-element-bd71269\" data-id=\"bd71269\" data-element_type=\"column\">\n\t\t\t<div class=\"elementor-widget-wrap elementor-element-populated\">\n\t\t\t\t\t\t<div class=\"elementor-element elementor-element-ff73041 elementor-widget elementor-widget-spacer\" data-id=\"ff73041\" data-element_type=\"widget\" data-widget_type=\"spacer.default\">\n\t\t\t\t<div class=\"elementor-widget-container\">\n\t\t\t\t\t\t\t<div class=\"elementor-spacer\">\n\t\t\t<div class=\"elementor-spacer-inner\"><\/div>\n\t\t<\/div>\n\t\t\t\t\t\t<\/div>\n\t\t\t\t<\/div>\n\t\t\t\t\t<\/div>\n\t\t<\/div>\n\t\t\t\t\t<\/div>\n\t\t<\/section>\n\t\t\t\t<\/div>\n\t\t","protected":false},"excerpt":{"rendered":"<p>Bilal Korkut<\/p>\n","protected":false},"author":1,"featured_media":5459,"comment_status":"closed","ping_status":"open","sticky":false,"template":"","format":"standard","meta":{"give_campaign_id":0,"_monsterinsights_skip_tracking":false,"_monsterinsights_sitenote_active":false,"_monsterinsights_sitenote_note":"","_monsterinsights_sitenote_category":0,"footnotes":""},"categories":[66,169],"tags":[140,141],"class_list":["post-5080","post","type-post","status-publish","format-standard","has-post-thumbnail","hentry","category-cinema","category-nykff7-films","tag-bilal-korkut","tag-nykff7"],"aioseo_notices":[],"_links":{"self":[{"href":"https:\/\/nykcc.org\/oldsite\/wp-json\/wp\/v2\/posts\/5080","targetHints":{"allow":["GET"]}}],"collection":[{"href":"https:\/\/nykcc.org\/oldsite\/wp-json\/wp\/v2\/posts"}],"about":[{"href":"https:\/\/nykcc.org\/oldsite\/wp-json\/wp\/v2\/types\/post"}],"author":[{"embeddable":true,"href":"https:\/\/nykcc.org\/oldsite\/wp-json\/wp\/v2\/users\/1"}],"replies":[{"embeddable":true,"href":"https:\/\/nykcc.org\/oldsite\/wp-json\/wp\/v2\/comments?post=5080"}],"version-history":[{"count":20,"href":"https:\/\/nykcc.org\/oldsite\/wp-json\/wp\/v2\/posts\/5080\/revisions"}],"predecessor-version":[{"id":7699,"href":"https:\/\/nykcc.org\/oldsite\/wp-json\/wp\/v2\/posts\/5080\/revisions\/7699"}],"wp:featuredmedia":[{"embeddable":true,"href":"https:\/\/nykcc.org\/oldsite\/wp-json\/wp\/v2\/media\/5459"}],"wp:attachment":[{"href":"https:\/\/nykcc.org\/oldsite\/wp-json\/wp\/v2\/media?parent=5080"}],"wp:term":[{"taxonomy":"category","embeddable":true,"href":"https:\/\/nykcc.org\/oldsite\/wp-json\/wp\/v2\/categories?post=5080"},{"taxonomy":"post_tag","embeddable":true,"href":"https:\/\/nykcc.org\/oldsite\/wp-json\/wp\/v2\/tags?post=5080"}],"curies":[{"name":"wp","href":"https:\/\/api.w.org\/{rel}","templated":true}]}}