{"id":4064,"date":"2023-05-25T17:38:30","date_gmt":"2023-05-25T21:38:30","guid":{"rendered":"https:\/\/nykcc.org\/?p=4064"},"modified":"2024-10-05T20:49:17","modified_gmt":"2024-10-06T00:49:17","slug":"celadet-ali-bedirxan-1893-1951","status":"publish","type":"post","link":"https:\/\/nykcc.org\/oldsite\/celadet-ali-bedirxan-1893-1951\/","title":{"rendered":"Celadet Al\u00ee Bedirxan\u00a0\u00a0(1893-1951)"},"content":{"rendered":"\t\t<div data-elementor-type=\"wp-post\" data-elementor-id=\"4064\" class=\"elementor elementor-4064\" data-elementor-post-type=\"post\">\n\t\t\t\t\t\t<section class=\"elementor-section elementor-top-section elementor-element elementor-element-7776204 elementor-section-boxed elementor-section-height-default elementor-section-height-default\" data-id=\"7776204\" data-element_type=\"section\">\n\t\t\t\t\t\t<div class=\"elementor-container elementor-column-gap-default\">\n\t\t\t\t\t<div class=\"elementor-column elementor-col-100 elementor-top-column elementor-element elementor-element-b629dbc\" data-id=\"b629dbc\" data-element_type=\"column\">\n\t\t\t<div class=\"elementor-widget-wrap elementor-element-populated\">\n\t\t\t\t\t\t<div class=\"elementor-element elementor-element-4faa799 elementor-widget elementor-widget-heading\" data-id=\"4faa799\" data-element_type=\"widget\" data-widget_type=\"heading.default\">\n\t\t\t\t<div class=\"elementor-widget-container\">\n\t\t\t\t\t<h1 class=\"elementor-heading-title elementor-size-default\">Celadet Al\u00ee Bedirxan  (1893-1951)<\/h1>\t\t\t\t<\/div>\n\t\t\t\t<\/div>\n\t\t\t\t\t<\/div>\n\t\t<\/div>\n\t\t\t\t\t<\/div>\n\t\t<\/section>\n\t\t\t\t<section class=\"elementor-section elementor-top-section elementor-element elementor-element-5067eaf elementor-section-boxed elementor-section-height-default elementor-section-height-default\" data-id=\"5067eaf\" data-element_type=\"section\">\n\t\t\t\t\t\t<div class=\"elementor-container elementor-column-gap-default\">\n\t\t\t\t\t<div class=\"elementor-column elementor-col-100 elementor-top-column elementor-element elementor-element-0d97fed\" data-id=\"0d97fed\" data-element_type=\"column\">\n\t\t\t<div class=\"elementor-widget-wrap elementor-element-populated\">\n\t\t\t\t\t\t<div class=\"elementor-element elementor-element-cbee0d7 elementor-widget elementor-widget-text-editor\" data-id=\"cbee0d7\" data-element_type=\"widget\" data-widget_type=\"text-editor.default\">\n\t\t\t\t<div class=\"elementor-widget-container\">\n\t\t\t\t\t\t\t\t\t<p style=\"font-weight: 400;\"><img fetchpriority=\"high\" decoding=\"async\" class=\"alignright wp-image-4062\" src=\"https:\/\/nykcc.org\/oldsite\/oldsite\/\/wp-content\/uploads\/2023\/05\/Kurdish_Writer_Mir_Celadet_Bedir_Khan_1893-1951-245x300.jpg\" alt=\"Celata Ali Berxidan\" width=\"300\" height=\"367\" srcset=\"https:\/\/nykcc.org\/oldsite\/wp-content\/uploads\/2023\/05\/Kurdish_Writer_Mir_Celadet_Bedir_Khan_1893-1951-245x300.jpg 245w, https:\/\/nykcc.org\/oldsite\/wp-content\/uploads\/2023\/05\/Kurdish_Writer_Mir_Celadet_Bedir_Khan_1893-1951.jpg 500w\" sizes=\"(max-width: 300px) 100vw, 300px\" \/>Celadet Al\u00ee Bedirxan was a Kurdish diplomat, writer, linguist, journalist, and political activist.<\/p>\n<p style=\"font-weight: 400;\">He was born in Constantinople in 1893, to a princely Kurdish family from the Botan region. His paternal grandfather was Bedir Khan Beg, the last Emir of Botan.<\/p>\n<p>Celadet&#8217;s&nbsp;family affirmed their identity as subjects of the Ottoman Empire and enjoyed the privileges that the Ottomans afforded to Kurdish elites. But they were also involved in associations to promote Kurdish culture and strengthen Kurdish identity.&nbsp;<\/p>\n<p>In 1908 Celadet&#8217;s father, Emin Ali Bedirxan, co-founded the Society for the Rise and Progress of Kurdistan. It was the first public Kurdish nationalist organization. It opened &nbsp;primary schools &nbsp;in Constantinople with Kurdish as the language of instruction, and a newspaper, <em>K\u00fcrt Teav\u00fcn ve Terakki Gazetesi,<\/em> which carried articles on Kurdish history and literature.<\/p>\n<p>But 1908 also saw the Young Turk Revolution, which proceeded to shut the Society&nbsp;down and made Kurdish&nbsp;organizations illegal. Celadet earned a master\u2019s degree in law at Istanbul University. During World War I he served as an officer of the Ottoman army and was stationed in Eastern Anatolia. &nbsp;After the war, he settled in Constantinople and began to work as a lawyer within the Ottoman judiciary.<\/p>\n<p>The collapse of the Ottoman Empire in 1918 brought a resurgence of Kurdish nationalism, and hopes for the creation of an official nation of Kurdistan. The Bedirxan brothers shared these hopes. In 1919 the British officer Lt.-Col. Edward Noel traveled around the region to assess the possibilities for a Kurdish state. Celadet and his brother Kamuran Ali Bedirxan accompanied him.<\/p>\n<p>But Kemalism too was on the rise, and these adherents of Turkish nationalism opposed any activity on behalf of Kurdish nationalism.&nbsp;In 1923 the Kemalists declared the Republic of Turkey and sentenced Celadet and his brother Kamuran to death in absentia. Celadet was in Germany at the time. He stayed there until 1925, when he joined his family in Egypt. Notably his uncle, Miqdat Bedirxan, had published the first Kurdish newspaper, <em>Kurdistan,<\/em>in Cairo back in 1898.<\/p>\n<p>In 1925 the \u015e\u00eax Se\u00eed rebellion was the first major Kurdish rebellion against the Kemalist regime. Its failure was a blow to the Kurdish nationalist movement.&nbsp;In 1927, &nbsp;a conference of Kurdish nationalists in Beirut formed a &nbsp;committee called Xoyb\u00fbn (\u201cBe Yourself\u201d), to coordinate the movement. It was the first Kurdish political organization to seek an independent Kurdistan. Celadet Ali Badirkhan was elected its first president.<\/p>\n<p>In the late 1920s Xoyb\u00fbn organized the Ararat Rebellion, which sought to establish the Ararat Republic in A\u011fr\u0131. But the rebellion was defeated in 1930.<\/p>\n<p>Celadet then looked elsewhere for support for an autonomous Kurdistan. In Iran he met with Reza Shah, but the shah tried to dissuade him from his goals and offered him a consulate job. When Celadet declined, the shah expelled him from Iran. Then Celadet moved on to to Iraq, but the British too did not welcome his aspirations.<\/p>\n<p>After these military defeats and political rejections, the brothers Celadet and Kamuran parted ways with Xoyb\u00fbn. &nbsp;Celadat decided to devote himself to Kurdish cultural issues. They moved to Syria in 1931 and initiated a Kurdish cultural movement.<\/p>\n<p>Central to the movement was the publication of books and periodicals on Kurdish language, history, culture and literature. They wanted to use them to shape Kurdish national identity, to claim its ancient history and homeland, to educate and unify a self-conscious Kurdish people, to validate their aspirations for independence, and to win Western sympathy for the Kurdish cause.<\/p>\n<p>An essential tool was a revived and modernized Kurdish language. &nbsp;While exiled in Damascus, Celadet developed a new Latin alphabet for the Kurdish language. Instead of the Arabic-based, Cyrillic-based, Persian-based and Armenian-based alphabets that were up to now used for Kurmanci, he designed a new alphabet using Latin characters. This Latin-based alphabet is today the main alphabet of Kurmanci.<\/p>\n<p>Celadet also compiled the first grammar of modern Kurmanci. In 1931, his grammar book <em>Bingeh\u00ean gramera kurdmanc\u00ee <\/em>was published by Hawar press, which he had founded in Damascus.<\/p>\n<p>Celadet Al\u00ee Bedirxan then founded the literary magazine <a href=\"https:\/\/nykcc.org\/oldsite\/oldsite\/\/hawar-archive\/\" target=\"_blank\" rel=\"noopener\"><em>Hawar<\/em><\/a> (The Calling, 1932-43). <em>Hawar<\/em> introduced the alphabet and became a major source on Kurdish history, literature, and language for the later generations. &nbsp;Later he added an illustrated supplement called <em>Ronahi<\/em> (Enlightenment, 1942-45). His brother, Kamuran Al\u00ee Bedirxan, edited the weekly newspaper <em>Roja Nu\u0302 \/Le Jour Nouveau<\/em> (The New Day 1943-46) and its supplement, <em>Ster<\/em> (Star, 1943-45) in Beirut.<\/p>\n<p>These publishing efforts succeeded in disseminating the new Kurdish alphabet, to the point that even Kurds in Turkey adopted it. Moreover, the content of the periodicals laid the foundation for the development of Kurdish national identity in the Middle East.<\/p>\n<p style=\"font-weight: 400;\">Their publishing continued until the end of the French Mandate in 1946. During his last years, Celadet faced severe financial problems and worked as a farmer. He died in 1951 Damascus, in a traffic accident.<\/p>\n<p>Sources:<\/p>\n<p>Ahmet Serdar Akturk, <em><a href=\"https:\/\/scholarworks.uark.edu\/cgi\/viewcontent.cgi?article=1865&amp;context=etd\" target=\"_blank\" rel=\"noopener\">Imagining Kurdish Identity<\/a> in Mandatory Syria: Finding a Nation in Exile, <\/em>Ph.D. diss., University of Arkansas at Fayetteville, 2013.<\/p>\n<p>Harriet Allsopp, <em>The Kurds of Syria: Political Parties and Identity in the Middle East.<\/em> New York: I.B. Tauris, 2015.<\/p>\n<div class=\"page\" title=\"Page 1\">\n<div class=\"layoutArea\">\n<div class=\"column\">&nbsp;<\/div>\n<\/div>\n<\/div>\t\t\t\t\t\t\t\t<\/div>\n\t\t\t\t<\/div>\n\t\t\t\t\t<\/div>\n\t\t<\/div>\n\t\t\t\t\t<\/div>\n\t\t<\/section>\n\t\t\t\t<\/div>\n\t\t","protected":false},"excerpt":{"rendered":"<p>Kurdish diplomat, writer, linguist, journalist, and political activist<\/p>\n","protected":false},"author":1,"featured_media":4063,"comment_status":"open","ping_status":"open","sticky":false,"template":"","format":"standard","meta":{"give_campaign_id":0,"_monsterinsights_skip_tracking":false,"_monsterinsights_sitenote_active":false,"_monsterinsights_sitenote_note":"","_monsterinsights_sitenote_category":0,"footnotes":""},"categories":[92],"tags":[107,134],"class_list":["post-4064","post","type-post","status-publish","format-standard","has-post-thumbnail","hentry","category-language","tag-history","tag-kurmanci"],"aioseo_notices":[],"_links":{"self":[{"href":"https:\/\/nykcc.org\/oldsite\/wp-json\/wp\/v2\/posts\/4064","targetHints":{"allow":["GET"]}}],"collection":[{"href":"https:\/\/nykcc.org\/oldsite\/wp-json\/wp\/v2\/posts"}],"about":[{"href":"https:\/\/nykcc.org\/oldsite\/wp-json\/wp\/v2\/types\/post"}],"author":[{"embeddable":true,"href":"https:\/\/nykcc.org\/oldsite\/wp-json\/wp\/v2\/users\/1"}],"replies":[{"embeddable":true,"href":"https:\/\/nykcc.org\/oldsite\/wp-json\/wp\/v2\/comments?post=4064"}],"version-history":[{"count":20,"href":"https:\/\/nykcc.org\/oldsite\/wp-json\/wp\/v2\/posts\/4064\/revisions"}],"predecessor-version":[{"id":12365,"href":"https:\/\/nykcc.org\/oldsite\/wp-json\/wp\/v2\/posts\/4064\/revisions\/12365"}],"wp:featuredmedia":[{"embeddable":true,"href":"https:\/\/nykcc.org\/oldsite\/wp-json\/wp\/v2\/media\/4063"}],"wp:attachment":[{"href":"https:\/\/nykcc.org\/oldsite\/wp-json\/wp\/v2\/media?parent=4064"}],"wp:term":[{"taxonomy":"category","embeddable":true,"href":"https:\/\/nykcc.org\/oldsite\/wp-json\/wp\/v2\/categories?post=4064"},{"taxonomy":"post_tag","embeddable":true,"href":"https:\/\/nykcc.org\/oldsite\/wp-json\/wp\/v2\/tags?post=4064"}],"curies":[{"name":"wp","href":"https:\/\/api.w.org\/{rel}","templated":true}]}}