{"id":4046,"date":"2023-05-21T15:35:39","date_gmt":"2023-05-21T19:35:39","guid":{"rendered":"https:\/\/nykcc.org\/?p=4046"},"modified":"2023-05-21T15:42:15","modified_gmt":"2023-05-21T19:42:15","slug":"ayfer-duzdas-singer","status":"publish","type":"post","link":"https:\/\/nykcc.org\/oldsite\/ayfer-duzdas-singer\/","title":{"rendered":"Ayfer D\u00fczda\u015f, singer"},"content":{"rendered":"\t\t<div data-elementor-type=\"wp-post\" data-elementor-id=\"4046\" class=\"elementor elementor-4046\" data-elementor-post-type=\"post\">\n\t\t\t\t\t\t<section class=\"elementor-section elementor-top-section elementor-element elementor-element-35ce31c elementor-section-boxed elementor-section-height-default elementor-section-height-default\" data-id=\"35ce31c\" data-element_type=\"section\">\n\t\t\t\t\t\t<div class=\"elementor-container elementor-column-gap-default\">\n\t\t\t\t\t<div class=\"elementor-column elementor-col-100 elementor-top-column elementor-element elementor-element-a0996d0\" data-id=\"a0996d0\" data-element_type=\"column\">\n\t\t\t<div class=\"elementor-widget-wrap elementor-element-populated\">\n\t\t\t\t\t\t<div class=\"elementor-element elementor-element-123f8ee elementor-widget elementor-widget-heading\" data-id=\"123f8ee\" data-element_type=\"widget\" data-widget_type=\"heading.default\">\n\t\t\t\t<div class=\"elementor-widget-container\">\n\t\t\t\t\t<h1 class=\"elementor-heading-title elementor-size-default\">Ayfer D\u00fczda\u015f, singer<\/h1>\t\t\t\t<\/div>\n\t\t\t\t<\/div>\n\t\t\t\t\t<\/div>\n\t\t<\/div>\n\t\t\t\t\t<\/div>\n\t\t<\/section>\n\t\t\t\t<section class=\"elementor-section elementor-top-section elementor-element elementor-element-89c5080 elementor-section-boxed elementor-section-height-default elementor-section-height-default\" data-id=\"89c5080\" data-element_type=\"section\">\n\t\t\t\t\t\t<div class=\"elementor-container elementor-column-gap-default\">\n\t\t\t\t\t<div class=\"elementor-column elementor-col-100 elementor-top-column elementor-element elementor-element-b6c788c\" data-id=\"b6c788c\" data-element_type=\"column\">\n\t\t\t<div class=\"elementor-widget-wrap elementor-element-populated\">\n\t\t\t\t\t\t<div class=\"elementor-element elementor-element-bb5ced4 elementor-widget elementor-widget-text-editor\" data-id=\"bb5ced4\" data-element_type=\"widget\" data-widget_type=\"text-editor.default\">\n\t\t\t\t<div class=\"elementor-widget-container\">\n\t\t\t\t\t\t\t\t\t<p style=\"font-weight: 400;\"><img fetchpriority=\"high\" decoding=\"async\" class=\"size-medium wp-image-4049 alignright\" src=\"https:\/\/nykcc.org\/oldsite\/oldsite\/\/wp-content\/uploads\/2023\/05\/Ayfer-headshot-300x289.jpg\" alt=\"Ayfer Duzdas\" width=\"300\" height=\"289\" srcset=\"https:\/\/nykcc.org\/oldsite\/wp-content\/uploads\/2023\/05\/Ayfer-headshot-300x289.jpg 300w, https:\/\/nykcc.org\/oldsite\/wp-content\/uploads\/2023\/05\/Ayfer-headshot.jpg 400w\" sizes=\"(max-width: 300px) 100vw, 300px\" \/>Ayfer D\u00fczda\u015f (1973- ) was born in Ko\u00e7giri, Sivas, a region where Kizilba\u015f Alevi culture was strong. Her family had fled from Dersim to Erz\u00eengan during the 1938 massacre, and from there they moved to Sivas. When\u00a0 she was nine years old, her family moved to Istanbul.<\/p><p style=\"font-weight: 400;\">In 1998 she studied voice and violin at the Fine Arts High School in Pera. Afterward she joined the Koma Asm\u00een (Admin Group), which consisted of eleven women, and Veng\u00ea Sodir\u00ee, a group that performs in Zazak\u00ee.<\/p><p style=\"font-weight: 400;\">She collaborated on three albums that archived traditional Kurdish folk songs: <em>\u015eahiya Stranan-1 <\/em>(2000) with Kom Muzik, <em>\u015eahiya Stranan-2<\/em> (2004) with Veng\u00ea Sodir\u00ee, and <em>\u015eah\u00eeya Stranan-3<\/em> (2011).<\/p><p style=\"font-weight: 400;\">In 2008, she released her first solo <a href=\"https:\/\/www.youtube.com\/playlist?list=PL1BzbYRZGKuX8WHc7wYNRQAP2M_blYRdm\" target=\"_blank\" rel=\"noopener\">album<\/a>, <em>Leylan<\/em>. \u00a0In 2012 she recorded the lamentations of wailing women (a tradition in the Ko\u00e7giri region), collected them, and turned them into an album.<\/p><p style=\"font-weight: 400;\">In 2017 she released the <a href=\"https:\/\/www.youtube.com\/playlist?list=PLrL0--yqO8zy91OVO1lqq7IH99G219BM6\" target=\"_blank\" rel=\"noopener\">album<\/a> <em>Ji Xorasan\u00ea heta \u00c7orim\u00ea Neway\u00ean Kurd\u00ean Elew\u00ee<\/em> (Kurdish-Alevi Melodies from Khorasan to \u00c7orum), a compilation of music she recorded from Kurdish Alevi regions.<\/p><p style=\"font-weight: 400;\">In 2022 she released the album <em>Kilom\u00e9n \u00c2rxaw\u00fbn\u00e9,<\/em> which she collected while traveling from village to village in Erxewan, Yazixan, Hek\u00eemxan and Arxa in Melet\u00ee. Don&#8217;t miss the haunting &#8220;<a href=\"https:\/\/www.youtube.com\/watch?v=BN34F9fL_Bs\" target=\"_blank\" rel=\"noopener\">Weda Weda<\/a>.&#8221;<\/p><p style=\"font-weight: 400;\">\u00a0She has also performed singing in the TV movies <em>\u015eih Senem<\/em> by Mazlum \u00c7imen and <em>Esir Kalpler<\/em> with music by Nail Yurtsever.<\/p>\t\t\t\t\t\t\t\t<\/div>\n\t\t\t\t<\/div>\n\t\t\t\t\t<\/div>\n\t\t<\/div>\n\t\t\t\t\t<\/div>\n\t\t<\/section>\n\t\t\t\t<\/div>\n\t\t","protected":false},"excerpt":{"rendered":"<p>Ayfer D\u00fczda\u015f, singer Ayfer D\u00fczda\u015f (1973- ) was born in Ko\u00e7giri, Sivas, a region where Kizilba\u015f Alevi culture was strong. Her family had fled from Dersim to Erz\u00eengan during the 1938 massacre, and from there they moved to Sivas. When\u00a0 she was nine years old, her family moved to Istanbul. In 1998 she studied voice [&hellip;]<\/p>\n","protected":false},"author":1,"featured_media":4047,"comment_status":"open","ping_status":"open","sticky":false,"template":"","format":"standard","meta":{"give_campaign_id":0,"_monsterinsights_skip_tracking":false,"_monsterinsights_sitenote_active":false,"_monsterinsights_sitenote_note":"","_monsterinsights_sitenote_category":0,"footnotes":""},"categories":[58],"tags":[129],"class_list":["post-4046","post","type-post","status-publish","format-standard","has-post-thumbnail","hentry","category-music","tag-alevi"],"aioseo_notices":[],"_links":{"self":[{"href":"https:\/\/nykcc.org\/oldsite\/wp-json\/wp\/v2\/posts\/4046","targetHints":{"allow":["GET"]}}],"collection":[{"href":"https:\/\/nykcc.org\/oldsite\/wp-json\/wp\/v2\/posts"}],"about":[{"href":"https:\/\/nykcc.org\/oldsite\/wp-json\/wp\/v2\/types\/post"}],"author":[{"embeddable":true,"href":"https:\/\/nykcc.org\/oldsite\/wp-json\/wp\/v2\/users\/1"}],"replies":[{"embeddable":true,"href":"https:\/\/nykcc.org\/oldsite\/wp-json\/wp\/v2\/comments?post=4046"}],"version-history":[{"count":4,"href":"https:\/\/nykcc.org\/oldsite\/wp-json\/wp\/v2\/posts\/4046\/revisions"}],"predecessor-version":[{"id":4052,"href":"https:\/\/nykcc.org\/oldsite\/wp-json\/wp\/v2\/posts\/4046\/revisions\/4052"}],"wp:featuredmedia":[{"embeddable":true,"href":"https:\/\/nykcc.org\/oldsite\/wp-json\/wp\/v2\/media\/4047"}],"wp:attachment":[{"href":"https:\/\/nykcc.org\/oldsite\/wp-json\/wp\/v2\/media?parent=4046"}],"wp:term":[{"taxonomy":"category","embeddable":true,"href":"https:\/\/nykcc.org\/oldsite\/wp-json\/wp\/v2\/categories?post=4046"},{"taxonomy":"post_tag","embeddable":true,"href":"https:\/\/nykcc.org\/oldsite\/wp-json\/wp\/v2\/tags?post=4046"}],"curies":[{"name":"wp","href":"https:\/\/api.w.org\/{rel}","templated":true}]}}