{"id":3504,"date":"2023-02-09T04:26:00","date_gmt":"2023-02-09T09:26:00","guid":{"rendered":"https:\/\/nykcc.org\/?p=3504"},"modified":"2023-04-30T11:31:13","modified_gmt":"2023-04-30T15:31:13","slug":"the-purple-color-of-kurdish-politics","status":"publish","type":"post","link":"https:\/\/nykcc.org\/oldsite\/the-purple-color-of-kurdish-politics\/","title":{"rendered":"&#8220;The Purple Color of Kurdish Politics&#8221;"},"content":{"rendered":"\t\t<div data-elementor-type=\"wp-post\" data-elementor-id=\"3504\" class=\"elementor elementor-3504\" data-elementor-post-type=\"post\">\n\t\t\t\t\t\t<section class=\"elementor-section elementor-top-section elementor-element elementor-element-3fd5105 elementor-section-boxed elementor-section-height-default elementor-section-height-default\" data-id=\"3fd5105\" data-element_type=\"section\">\n\t\t\t\t\t\t<div class=\"elementor-container elementor-column-gap-default\">\n\t\t\t\t\t<div class=\"elementor-column elementor-col-100 elementor-top-column elementor-element elementor-element-d553052\" data-id=\"d553052\" data-element_type=\"column\">\n\t\t\t<div class=\"elementor-widget-wrap\">\n\t\t\t\t\t\t\t<\/div>\n\t\t<\/div>\n\t\t\t\t\t<\/div>\n\t\t<\/section>\n\t\t\t\t<section class=\"elementor-section elementor-top-section elementor-element elementor-element-c745c5c elementor-section-boxed elementor-section-height-default elementor-section-height-default\" data-id=\"c745c5c\" data-element_type=\"section\">\n\t\t\t\t\t\t<div class=\"elementor-container elementor-column-gap-default\">\n\t\t\t\t\t<div class=\"elementor-column elementor-col-100 elementor-top-column elementor-element elementor-element-b046b47\" data-id=\"b046b47\" data-element_type=\"column\">\n\t\t\t<div class=\"elementor-widget-wrap elementor-element-populated\">\n\t\t\t\t\t\t<div class=\"elementor-element elementor-element-c18b429 elementor-widget elementor-widget-text-editor\" data-id=\"c18b429\" data-element_type=\"widget\" data-widget_type=\"text-editor.default\">\n\t\t\t\t<div class=\"elementor-widget-container\">\n\t\t\t\t\t\t\t\t\t<p><img fetchpriority=\"high\" decoding=\"async\" class=\"wp-image-2012 alignleft\" src=\"https:\/\/nykcc.org\/oldsite\/oldsite\/\/wp-content\/uploads\/2023\/01\/Purple-Color-cover-image-197x300.jpg\" alt=\"The Purple Color of Kurdish Politics\" width=\"310\" height=\"473\" srcset=\"https:\/\/nykcc.org\/oldsite\/wp-content\/uploads\/2023\/01\/Purple-Color-cover-image-197x300.jpg 197w, https:\/\/nykcc.org\/oldsite\/wp-content\/uploads\/2023\/01\/Purple-Color-cover-image.jpg 421w\" sizes=\"(max-width: 310px) 100vw, 310px\" \/><strong>G\u00fcltan K\u0131\u015fanak, ed., <em>The Purple Color of Kurdish Politics: Women Write from Prison.<\/em>\u00a0Translation from the Turkish coordinated by Emek Ergun, Ruken Isik, and Janet Biehl London: Pluto Press, 2022. Nonfiction.<\/strong><\/p><p>Discussed at our Book Club on February 7, 2023. Translation coordinator <strong>Emek Ergun<\/strong> joined us. <strong>Janet Biehl<\/strong> is already a Book Club participant.<\/p><p class=\"MsoNormal\" style=\"margin: 0in; font-size: medium; font-family: Calibri, sans-serif; caret-color: #000000; color: #000000;\">In 2016 the Turkish state cracked down on the pro-Kurdish HDP, detaining and arresting numerous Kurdish politicians and activists on spurious charges of \u201cterrorism.\u201d Among the many arrested was <b>G\u00fcltan K\u0131\u015fanak, <\/b>the co-mayor of Amed. The arrests of so many talented, brave, and experienced people was devastating for Kurdish politics and marked the onset of the process of criminalizing the HDP.<\/p><p class=\"MsoNormal\" style=\"margin: 0in; font-size: medium; font-family: Calibri, sans-serif; caret-color: #000000; color: #000000;\">\u00a0<\/p><p class=\"MsoNormal\" style=\"margin: 0in; font-size: medium; font-family: Calibri, sans-serif; caret-color: #000000; color: #000000;\">Once K\u0131\u015fanak was in prison<i>,\u00a0<\/i>her<i>\u00a0<\/i>friends suggested that she write her autobiography. After all, she had personally experienced the horrors of the Diyarbakir dungeon in the 1980s, then had emerged to become a brilliant force within the Kurdish movement as a journalist, editor, women\u2019s movement activist, member of Parliament, and finally Amed co-mayor.\u00a0<\/p><p class=\"MsoNormal\" style=\"margin: 0in; font-size: medium; font-family: Calibri, sans-serif; caret-color: #000000; color: #000000;\">\u00a0<\/p><p class=\"MsoNormal\" style=\"margin: 0in; font-size: medium; font-family: Calibri, sans-serif; caret-color: #000000; color: #000000;\">But instead of writing her own story, K\u0131\u015fanak chose to turn to the many Kurdish women politicians with whom she had struggled for women\u2019s rights and who now, like her, were imprisoned. She invited them to write essays recounting their own political biographies. The logistical difficulties of carrying out such a project while behind bars were enormous&#8211;the women were in prisons scattered across Turkey, and some were inaccessible. Ultimately K\u0131\u015fanak managed to collect the stories of 22 Kurdish women who had served as mayors, co-mayors, town councilors, and MPs.\u00a0<\/p><p class=\"MsoNormal\" style=\"margin: 0in; font-size: medium; font-family: Calibri, sans-serif; caret-color: #000000; color: #000000;\">\u00a0<\/p><p class=\"MsoNormal\" style=\"margin: 0in; font-size: medium; font-family: Calibri, sans-serif; caret-color: #000000; color: #000000;\">To bind the essays together in a book, she wrote a detailed introduction that tells the story of women\u2019s organizing within Kurdish and pro-Kurdish political parties in Turkey since 1990. The first Kurdish party, formed in 1990, had traditional gender organization: men made all the decisions and ran for office, while women did menial, clerical work if any. Party programs and speeches did not mention women\u2019s issues or even address women as voters.\u00a0<\/p><p class=\"MsoNormal\" style=\"margin: 0in; font-size: medium; font-family: Calibri, sans-serif; caret-color: #000000; color: #000000;\">\u00a0<\/p><p class=\"MsoNormal\" style=\"margin: 0in; font-size: medium; font-family: Calibri, sans-serif; caret-color: #000000; color: #000000;\">K\u0131\u015fanak\u2019s introduction recounts how Kurdish women changed this situation. They had to fight patriarchy\u2014both its institutional structures and its mentality\u2014within the party. Despite pushback from male allies, they persisted, organizing a series of women\u2019s committees, achieving women\u2019s quota for party positions, banning polygamy among party leaders, and more. They achieved dual leadership for executive positions, with men and women co-chairs at all levels.<\/p><p class=\"MsoNormal\" style=\"margin: 0in; font-size: medium; font-family: Calibri, sans-serif; caret-color: #000000; color: #000000;\">\u00a0<\/p><p class=\"MsoNormal\" style=\"margin: 0in; font-size: medium; font-family: Calibri, sans-serif; caret-color: #000000; color: #000000;\">Then women stepped forward to run for office and ultimately proved that women could not only win elections but be re-elected. Then they extended the concept of co-chairing within the party to co-mayoring within local government. In 2014 numerous women were elected as co-mayors. Once women were in office, many voters preferred them, as women elected officials tended to serve the people and work to improve their lives. This enormous advance came to an abrupt end with the arrest wave of 2016.\u00a0<\/p><p class=\"MsoNormal\" style=\"margin: 0in; font-size: medium; font-family: Calibri, sans-serif; caret-color: #000000; color: #000000;\">\u00a0<\/p><p class=\"MsoNormal\" style=\"margin: 0in; font-size: medium; font-family: Calibri, sans-serif; caret-color: #000000; color: #000000;\">Still, it was a remarkable evolution over the course of only twenty-four years. The individuals essays are stories of women who brought about this change in particular places, recounting the particular challenges they encountered and victories they achieved. The book was published in Turkish in 2020.<\/p><p class=\"MsoNormal\" style=\"margin: 0in; font-size: medium; font-family: Calibri, sans-serif; caret-color: #000000; color: #000000;\">\u00a0<\/p><p class=\"MsoNormal\" style=\"margin: 0in; font-size: medium; font-family: Calibri, sans-serif; caret-color: #000000; color: #000000;\">The obstacles that Kurdish women faced and overcame will inspire women fighting patriarchy around the world. Their courage and persistence remain extraordinary, since by struggling for women\u2019s freedom in Turkey, they risked brutal imprisonment. While some have since been released, others, including K\u0131\u015fanak herself, remain behind bars. For their sake and for the sake of women everywhere, this book deserves a wide readership.<\/p><p>\u00a0<\/p><p>Available for purchase from <a href=\"http:\/\/www.plutobooks.com\/9780745347080\/the-purple-color-of-kurdish-politics\/\">Pluto Press<\/a>.<\/p>\t\t\t\t\t\t\t\t<\/div>\n\t\t\t\t<\/div>\n\t\t\t\t\t<\/div>\n\t\t<\/div>\n\t\t\t\t\t<\/div>\n\t\t<\/section>\n\t\t\t\t<\/div>\n\t\t","protected":false},"excerpt":{"rendered":"<p>Translated from the Turkish<\/p>\n","protected":false},"author":1,"featured_media":3466,"comment_status":"closed","ping_status":"open","sticky":false,"template":"","format":"standard","meta":{"give_campaign_id":0,"_monsterinsights_skip_tracking":false,"_monsterinsights_sitenote_active":false,"_monsterinsights_sitenote_note":"","_monsterinsights_sitenote_category":0,"footnotes":""},"categories":[97,106],"tags":[],"class_list":["post-3504","post","type-post","status-publish","format-standard","has-post-thumbnail","hentry","category-book-club","category-nonfiction"],"aioseo_notices":[],"_links":{"self":[{"href":"https:\/\/nykcc.org\/oldsite\/wp-json\/wp\/v2\/posts\/3504","targetHints":{"allow":["GET"]}}],"collection":[{"href":"https:\/\/nykcc.org\/oldsite\/wp-json\/wp\/v2\/posts"}],"about":[{"href":"https:\/\/nykcc.org\/oldsite\/wp-json\/wp\/v2\/types\/post"}],"author":[{"embeddable":true,"href":"https:\/\/nykcc.org\/oldsite\/wp-json\/wp\/v2\/users\/1"}],"replies":[{"embeddable":true,"href":"https:\/\/nykcc.org\/oldsite\/wp-json\/wp\/v2\/comments?post=3504"}],"version-history":[{"count":5,"href":"https:\/\/nykcc.org\/oldsite\/wp-json\/wp\/v2\/posts\/3504\/revisions"}],"predecessor-version":[{"id":3509,"href":"https:\/\/nykcc.org\/oldsite\/wp-json\/wp\/v2\/posts\/3504\/revisions\/3509"}],"wp:featuredmedia":[{"embeddable":true,"href":"https:\/\/nykcc.org\/oldsite\/wp-json\/wp\/v2\/media\/3466"}],"wp:attachment":[{"href":"https:\/\/nykcc.org\/oldsite\/wp-json\/wp\/v2\/media?parent=3504"}],"wp:term":[{"taxonomy":"category","embeddable":true,"href":"https:\/\/nykcc.org\/oldsite\/wp-json\/wp\/v2\/categories?post=3504"},{"taxonomy":"post_tag","embeddable":true,"href":"https:\/\/nykcc.org\/oldsite\/wp-json\/wp\/v2\/tags?post=3504"}],"curies":[{"name":"wp","href":"https:\/\/api.w.org\/{rel}","templated":true}]}}