{"id":2227,"date":"2022-07-16T17:47:00","date_gmt":"2022-07-16T21:47:00","guid":{"rendered":"https:\/\/nykcc.org\/?p=2227"},"modified":"2024-10-05T18:51:15","modified_gmt":"2024-10-05T22:51:15","slug":"concerts-cancelled-in-may-2020","status":"publish","type":"post","link":"https:\/\/nykcc.org\/oldsite\/concerts-cancelled-in-may-2020\/","title":{"rendered":"Concerts Cancelled in May 2022"},"content":{"rendered":"\t\t<div data-elementor-type=\"wp-post\" data-elementor-id=\"2227\" class=\"elementor elementor-2227\" data-elementor-post-type=\"post\">\n\t\t\t\t\t\t<section class=\"elementor-section elementor-top-section elementor-element elementor-element-1d42a03 elementor-section-boxed elementor-section-height-default elementor-section-height-default\" data-id=\"1d42a03\" data-element_type=\"section\">\n\t\t\t\t\t\t<div class=\"elementor-container elementor-column-gap-default\">\n\t\t\t\t\t<div class=\"elementor-column elementor-col-100 elementor-top-column elementor-element elementor-element-b148bdf\" data-id=\"b148bdf\" data-element_type=\"column\">\n\t\t\t<div class=\"elementor-widget-wrap elementor-element-populated\">\n\t\t\t\t\t\t<div class=\"elementor-element elementor-element-e8ffac1 elementor-widget elementor-widget-heading\" data-id=\"e8ffac1\" data-element_type=\"widget\" data-widget_type=\"heading.default\">\n\t\t\t\t<div class=\"elementor-widget-container\">\n\t\t\t\t\t<h1 class=\"elementor-heading-title elementor-size-default\">Concerts Cancelled in May 2022<\/h1>\t\t\t\t<\/div>\n\t\t\t\t<\/div>\n\t\t\t\t\t<\/div>\n\t\t<\/div>\n\t\t\t\t\t<\/div>\n\t\t<\/section>\n\t\t\t\t<section class=\"elementor-section elementor-top-section elementor-element elementor-element-8fade29 elementor-section-boxed elementor-section-height-default elementor-section-height-default\" data-id=\"8fade29\" data-element_type=\"section\">\n\t\t\t\t\t\t<div class=\"elementor-container elementor-column-gap-default\">\n\t\t\t\t\t<div class=\"elementor-column elementor-col-100 elementor-top-column elementor-element elementor-element-50fd5f4\" data-id=\"50fd5f4\" data-element_type=\"column\">\n\t\t\t<div class=\"elementor-widget-wrap elementor-element-populated\">\n\t\t\t\t\t\t<div class=\"elementor-element elementor-element-00f70d7 elementor-widget elementor-widget-text-editor\" data-id=\"00f70d7\" data-element_type=\"widget\" data-widget_type=\"text-editor.default\">\n\t\t\t\t<div class=\"elementor-widget-container\">\n\t\t\t\t\t\t\t\t\t<p style=\"font-weight: 400;\">For decades Kurdish musicians have faced bans on their performances in Turkey. In May 2022, to strengthen Erdogan&#8217;s strongman image, municipalities and provinces where the AKP is in power cancelled many concerts by Kurdish and other minority musicians.<\/p>\t\t\t\t\t\t\t\t<\/div>\n\t\t\t\t<\/div>\n\t\t\t\t\t<\/div>\n\t\t<\/div>\n\t\t\t\t\t<\/div>\n\t\t<\/section>\n\t\t\t\t<section class=\"elementor-section elementor-top-section elementor-element elementor-element-f8863f9 elementor-section-boxed elementor-section-height-default elementor-section-height-default\" data-id=\"f8863f9\" data-element_type=\"section\">\n\t\t\t\t\t\t<div class=\"elementor-container elementor-column-gap-default\">\n\t\t\t\t\t<div class=\"elementor-column elementor-col-66 elementor-top-column elementor-element elementor-element-681d404\" data-id=\"681d404\" data-element_type=\"column\">\n\t\t\t<div class=\"elementor-widget-wrap elementor-element-populated\">\n\t\t\t\t\t\t<div class=\"elementor-element elementor-element-0404823 elementor-widget elementor-widget-text-editor\" data-id=\"0404823\" data-element_type=\"widget\" data-widget_type=\"text-editor.default\">\n\t\t\t\t<div class=\"elementor-widget-container\">\n\t\t\t\t\t\t\t\t\t<p style=\"font-weight: 400;\"><strong>Aynur Do\u011fan<\/strong><\/p><p style=\"font-weight: 400;\">The internationally acclaimed Kurdish singer Aynur Do\u011fan was scheduled to give a concert on May 25 in the Derince district in Kocaeli province. On May 16 the Derince municipality, which is run by the AKP, banned the concert as \u201cnot appropriate.\u201d<\/p><p style=\"font-weight: 400;\">Apparent AKP trolls had previously mounted an organized hate campaign against Do\u011fan, defaming her as a &#8220;terrorist.\u201d She replied calmly, &#8220;Poets are those who prove the truth, and we continue on this path.\u201d<\/p><p style=\"font-weight: 400;\">Her subsequent concerts in Izmir and in Ankara, cities governed by the opposition CHP, proceeded as scheduled. \u00a0\u201cPlease attend the concert of Aynur Dogan on May 28 in Istanbul,\u201d Fazil Say, a prominent Turkish pianist, tweeted to his 650,000 followers in late May. \u201cNo artist in Turkey should have to face archaic bans.\u201d<\/p><p style=\"font-weight: 400;\">Sources: <a href=\"https:\/\/anfenglishmobile.com\/culture\/two-more-singers-prevented-from-performing-as-turkish-crackdown-on-concerts-continues-60123\">ANF English<\/a>, <a href=\"https:\/\/anfenglishmobile.com\/culture\/akp-led-city-administration-in-derince-bans-a-concert-by-kurdish-singer-aynur-dogan-59962\">ANF English<\/a>, <a href=\"https:\/\/www.al-monitor.com\/originals\/2022\/05\/akp-municipalities-tone-down-volume-kurd-pop-turkey\">Al-Monitor<\/a><\/p>\t\t\t\t\t\t\t\t<\/div>\n\t\t\t\t<\/div>\n\t\t\t\t\t<\/div>\n\t\t<\/div>\n\t\t\t\t<div class=\"elementor-column elementor-col-33 elementor-top-column elementor-element elementor-element-014e721\" data-id=\"014e721\" data-element_type=\"column\">\n\t\t\t<div class=\"elementor-widget-wrap elementor-element-populated\">\n\t\t\t\t\t\t<div class=\"elementor-element elementor-element-17bd6ab elementor-widget elementor-widget-image\" data-id=\"17bd6ab\" data-element_type=\"widget\" data-widget_type=\"image.default\">\n\t\t\t\t<div class=\"elementor-widget-container\">\n\t\t\t\t\t\t\t\t\t\t\t\t\t\t\t<img fetchpriority=\"high\" decoding=\"async\" width=\"440\" height=\"511\" src=\"https:\/\/nykcc.org\/oldsite\/wp-content\/uploads\/2023\/01\/photo-Aynur-Dogan.jpg\" class=\"attachment-large size-large wp-image-2220\" alt=\"Aynur Dogan\" srcset=\"https:\/\/nykcc.org\/oldsite\/wp-content\/uploads\/2023\/01\/photo-Aynur-Dogan.jpg 440w, https:\/\/nykcc.org\/oldsite\/wp-content\/uploads\/2023\/01\/photo-Aynur-Dogan-258x300.jpg 258w\" sizes=\"(max-width: 440px) 100vw, 440px\" \/>\t\t\t\t\t\t\t\t\t\t\t\t\t\t\t<\/div>\n\t\t\t\t<\/div>\n\t\t\t\t\t<\/div>\n\t\t<\/div>\n\t\t\t\t\t<\/div>\n\t\t<\/section>\n\t\t\t\t<section class=\"elementor-section elementor-top-section elementor-element elementor-element-74f8482 elementor-section-boxed elementor-section-height-default elementor-section-height-default\" data-id=\"74f8482\" data-element_type=\"section\">\n\t\t\t\t\t\t<div class=\"elementor-container elementor-column-gap-default\">\n\t\t\t\t\t<div class=\"elementor-column elementor-col-66 elementor-top-column elementor-element elementor-element-4ba7b0b\" data-id=\"4ba7b0b\" data-element_type=\"column\">\n\t\t\t<div class=\"elementor-widget-wrap elementor-element-populated\">\n\t\t\t\t\t\t<div class=\"elementor-element elementor-element-cd2d80f elementor-widget elementor-widget-text-editor\" data-id=\"cd2d80f\" data-element_type=\"widget\" data-widget_type=\"text-editor.default\">\n\t\t\t\t<div class=\"elementor-widget-container\">\n\t\t\t\t\t\t\t\t\t<p style=\"font-weight: 400;\"><strong>Metin and Kemal Kahraman<\/strong><\/p><p style=\"font-weight: 400;\">In Mu\u015f province, May 17, the musicians Metin and Kemal Kahraman were to give a concert, but the governor&#8217;s office stated that it was \u201cnot appropriate.\u201d<\/p><p style=\"font-weight: 400;\">\u201cThe governorate means to say they did not ban our show, they merely thought it inappropriate,\u201d the Kahramans explained. \u201cThe notice is addressed to the police. That means the non-ban would be enforced by security forces if necessary.\u201d<\/p><p style=\"font-weight: 400;\">Metin and Kemal Kahraman are not only musicians and songwriters but also ethnomusicologists. Originally from the Dersim region, they realized in the 1990s that the region\u2019s traditional music was in danger of disappearing. So they set out to document it, asking older relatives and acquaintances to sing into recording devices. Their pioneering work has been vital to preservation of that music.<\/p><p>Source: <a href=\"https:\/\/ahvalnews.com\/turkey-music\/turkey-vs-music-nine-artists-gigs-cancelled-two-weeks\">Ahval News<\/a><\/p>\t\t\t\t\t\t\t\t<\/div>\n\t\t\t\t<\/div>\n\t\t\t\t\t<\/div>\n\t\t<\/div>\n\t\t\t\t<div class=\"elementor-column elementor-col-33 elementor-top-column elementor-element elementor-element-33939ca\" data-id=\"33939ca\" data-element_type=\"column\">\n\t\t\t<div class=\"elementor-widget-wrap elementor-element-populated\">\n\t\t\t\t\t\t<div class=\"elementor-element elementor-element-20ee1ec elementor-widget elementor-widget-image\" data-id=\"20ee1ec\" data-element_type=\"widget\" data-widget_type=\"image.default\">\n\t\t\t\t<div class=\"elementor-widget-container\">\n\t\t\t\t\t\t\t\t\t\t\t\t\t\t\t<img decoding=\"async\" width=\"779\" height=\"741\" src=\"https:\/\/nykcc.org\/oldsite\/wp-content\/uploads\/2023\/01\/photo-Kharaman-brothers-.jpg\" class=\"attachment-large size-large wp-image-2222\" alt=\"Metin and Kemal Kharaman\" srcset=\"https:\/\/nykcc.org\/oldsite\/wp-content\/uploads\/2023\/01\/photo-Kharaman-brothers-.jpg 779w, https:\/\/nykcc.org\/oldsite\/wp-content\/uploads\/2023\/01\/photo-Kharaman-brothers--300x285.jpg 300w, https:\/\/nykcc.org\/oldsite\/wp-content\/uploads\/2023\/01\/photo-Kharaman-brothers--768x731.jpg 768w\" sizes=\"(max-width: 779px) 100vw, 779px\" \/>\t\t\t\t\t\t\t\t\t\t\t\t\t\t\t<\/div>\n\t\t\t\t<\/div>\n\t\t\t\t\t<\/div>\n\t\t<\/div>\n\t\t\t\t\t<\/div>\n\t\t<\/section>\n\t\t\t\t<section class=\"elementor-section elementor-top-section elementor-element elementor-element-0936914 elementor-section-boxed elementor-section-height-default elementor-section-height-default\" data-id=\"0936914\" data-element_type=\"section\">\n\t\t\t\t\t\t<div class=\"elementor-container elementor-column-gap-default\">\n\t\t\t\t\t<div class=\"elementor-column elementor-col-66 elementor-top-column elementor-element elementor-element-ad387ae\" data-id=\"ad387ae\" data-element_type=\"column\">\n\t\t\t<div class=\"elementor-widget-wrap elementor-element-populated\">\n\t\t\t\t\t\t<div class=\"elementor-element elementor-element-812b075 elementor-widget elementor-widget-text-editor\" data-id=\"812b075\" data-element_type=\"widget\" data-widget_type=\"text-editor.default\">\n\t\t\t\t<div class=\"elementor-widget-container\">\n\t\t\t\t\t\t\t\t\t<p style=\"font-weight: 400;\"><strong>Niyazi Koyuncu<\/strong><\/p><p style=\"font-weight: 400;\">In Pendik, the musician Niyazi Koyuncu was to give a concert on May 25 at Pendik Beach Square. His repertoire includes songs in Armenian dialects and in ancient Black Sea region tongues. He is the brother of the noted Black Sea singer Kaz\u0131m Koyuncu.<\/p><p style=\"font-weight: 400;\">But the Pendik municipality, which is run by the AKP, cancelled the concert, on the grounds that Niyazi Koyuncu did not share the municipality\u2019s \u201cvalues and views.\u201d \u201cDespite all the bans and crackdowns,\u201d Koyuncu said in a tweet announcing the cancellation \u201cwe will continue to sing our songs together and more loudly.\u201d<\/p><p>Source: <a href=\"https:\/\/ahvalnews.com\/turkey-music\/turkey-vs-music-nine-artists-gigs-cancelled-two-weeks\">Ahval News<\/a><\/p>\t\t\t\t\t\t\t\t<\/div>\n\t\t\t\t<\/div>\n\t\t\t\t\t<\/div>\n\t\t<\/div>\n\t\t\t\t<div class=\"elementor-column elementor-col-33 elementor-top-column elementor-element elementor-element-ade0be5\" data-id=\"ade0be5\" data-element_type=\"column\">\n\t\t\t<div class=\"elementor-widget-wrap elementor-element-populated\">\n\t\t\t\t\t\t<div class=\"elementor-element elementor-element-f94152b elementor-widget elementor-widget-image\" data-id=\"f94152b\" data-element_type=\"widget\" data-widget_type=\"image.default\">\n\t\t\t\t<div class=\"elementor-widget-container\">\n\t\t\t\t\t\t\t\t\t\t\t\t\t\t\t<img decoding=\"async\" width=\"400\" height=\"400\" src=\"https:\/\/nykcc.org\/oldsite\/wp-content\/uploads\/2022\/07\/photo-Niyazi-Koyuncu-twitter.jpg\" class=\"attachment-large size-large wp-image-2242\" alt=\"\" srcset=\"https:\/\/nykcc.org\/oldsite\/wp-content\/uploads\/2022\/07\/photo-Niyazi-Koyuncu-twitter.jpg 400w, https:\/\/nykcc.org\/oldsite\/wp-content\/uploads\/2022\/07\/photo-Niyazi-Koyuncu-twitter-300x300.jpg 300w, https:\/\/nykcc.org\/oldsite\/wp-content\/uploads\/2022\/07\/photo-Niyazi-Koyuncu-twitter-150x150.jpg 150w\" sizes=\"(max-width: 400px) 100vw, 400px\" \/>\t\t\t\t\t\t\t\t\t\t\t\t\t\t\t<\/div>\n\t\t\t\t<\/div>\n\t\t\t\t\t<\/div>\n\t\t<\/div>\n\t\t\t\t\t<\/div>\n\t\t<\/section>\n\t\t\t\t<section class=\"elementor-section elementor-top-section elementor-element elementor-element-4f88843 elementor-section-boxed elementor-section-height-default elementor-section-height-default\" data-id=\"4f88843\" data-element_type=\"section\">\n\t\t\t\t\t\t<div class=\"elementor-container elementor-column-gap-default\">\n\t\t\t\t\t<div class=\"elementor-column elementor-col-66 elementor-top-column elementor-element elementor-element-385ef41\" data-id=\"385ef41\" data-element_type=\"column\">\n\t\t\t<div class=\"elementor-widget-wrap elementor-element-populated\">\n\t\t\t\t\t\t<div class=\"elementor-element elementor-element-e13581e elementor-widget elementor-widget-text-editor\" data-id=\"e13581e\" data-element_type=\"widget\" data-widget_type=\"text-editor.default\">\n\t\t\t\t<div class=\"elementor-widget-container\">\n\t\t\t\t\t\t\t\t\t<p style=\"font-weight: 400;\"><strong>Anadolu Fest in Eski\u015fehir<\/strong><\/p><p style=\"font-weight: 400;\">The Anadolu Fest, a large music festival, was to be held in Turkey&#8217;s Eski\u015fehir province, starting may 12.. The four-day event was to feature many well-known singers. The organizers had sold around 10,000 advance tickets.<\/p><p style=\"font-weight: 400;\">But three days before it was to start, the local governor\u2019s office announced that all events from May 10\u201325 would be canceled in order to \u201censure public order and public security, prevent crime, protect others\u2019 rights and freedoms and prevent the spread of violence.\u201d The statement did not specifically mention the Anadolu Fest, but the festival was scheduled to take place during the date span mentioned.<\/p><p style=\"font-weight: 400;\">An Islamic group had been pressuring the governor to ban the festival because &#8220;girls and boys who camp together&#8221; engage in &#8220;inappropriate scenes because of alcohol.&#8221;<\/p><p style=\"font-weight: 400;\">In a statement, the organizers said they were shocked by the governor&#8217;s decision, especially since the festival had previously obtained the necessary permissions: \u201cWe condemn this unlawful behavior depriving thousands of young people from their love of art.\u201d In a public outcry online, the hashtag #FestivalimeDokunma (Don&#8217;t touch my festival) trended briefly on Twitter.<\/p><p style=\"font-weight: 400;\">Source: <a href=\"https:\/\/globalvoices.org\/2022\/05\/11\/turkeys-latest-attack-on-the-arts-a-provincial-governor-cancels-a-long-awaited-music-festival\/\">Global Voices<\/a>\u00a0<\/p>\t\t\t\t\t\t\t\t<\/div>\n\t\t\t\t<\/div>\n\t\t\t\t\t<\/div>\n\t\t<\/div>\n\t\t\t\t<div class=\"elementor-column elementor-col-33 elementor-top-column elementor-element elementor-element-77824b0\" data-id=\"77824b0\" data-element_type=\"column\">\n\t\t\t<div class=\"elementor-widget-wrap elementor-element-populated\">\n\t\t\t\t\t\t<div class=\"elementor-element elementor-element-dcd662b elementor-widget elementor-widget-image\" data-id=\"dcd662b\" data-element_type=\"widget\" data-widget_type=\"image.default\">\n\t\t\t\t<div class=\"elementor-widget-container\">\n\t\t\t\t\t\t\t\t\t\t\t\t\t\t\t<img loading=\"lazy\" decoding=\"async\" width=\"375\" height=\"307\" src=\"https:\/\/nykcc.org\/oldsite\/wp-content\/uploads\/2023\/01\/photo-andalou.jpg\" class=\"attachment-large size-large wp-image-2226\" alt=\"Anadolu Fest\" srcset=\"https:\/\/nykcc.org\/oldsite\/wp-content\/uploads\/2023\/01\/photo-andalou.jpg 375w, https:\/\/nykcc.org\/oldsite\/wp-content\/uploads\/2023\/01\/photo-andalou-300x246.jpg 300w\" sizes=\"(max-width: 375px) 100vw, 375px\" \/>\t\t\t\t\t\t\t\t\t\t\t\t\t\t\t<\/div>\n\t\t\t\t<\/div>\n\t\t\t\t\t<\/div>\n\t\t<\/div>\n\t\t\t\t\t<\/div>\n\t\t<\/section>\n\t\t\t\t<section class=\"elementor-section elementor-top-section elementor-element elementor-element-2dc404d elementor-section-boxed elementor-section-height-default elementor-section-height-default\" data-id=\"2dc404d\" data-element_type=\"section\">\n\t\t\t\t\t\t<div class=\"elementor-container elementor-column-gap-default\">\n\t\t\t\t\t<div class=\"elementor-column elementor-col-66 elementor-top-column elementor-element elementor-element-2369a06\" data-id=\"2369a06\" data-element_type=\"column\">\n\t\t\t<div class=\"elementor-widget-wrap elementor-element-populated\">\n\t\t\t\t\t\t<div class=\"elementor-element elementor-element-518df76 elementor-widget elementor-widget-text-editor\" data-id=\"518df76\" data-element_type=\"widget\" data-widget_type=\"text-editor.default\">\n\t\t\t\t<div class=\"elementor-widget-container\">\n\t\t\t\t\t\t\t\t\t<p style=\"font-weight: 400;\"><strong>Melek Mosso<\/strong><\/p><p style=\"font-weight: 400;\">In Isparta, in Turkey\u2019s southwest, the musician Melek Mosso was to give a concert at the city\u2019s Rose Festival. On May 26, the municipality, which is run by AKP, announced that it had cancelled the concert.<\/p><p style=\"font-weight: 400;\">The cancellation followed a steady flow of tweets by various conservative groups who demanded to why \u201cthe taxpayer\u2019s money should be spent on shameless so-called artists\u201d who wear &#8220;immoral&#8221; low-cut dresses. Supporters of two Islamist-conservative groups, the National Youth Foundation and the Anatolian Youth Association, had condemned the city council for permitting \u201cconcerts that do not comply with the beliefs and traditions of our people.\u201d On social media, they posted a video clip of Mosso telling women to be independent and do whatever they pleased, and they gave the middle finger to those who told women otherwise. The Islamist groups said Mosso \u201cencourages immorality.\u201d\u00a0After the cancellation, the two groups thanked the municipality for respecting moral values.<\/p><p style=\"font-weight: 400;\">Mosso reacted saying that her morality was not up for debate. \u00a0\u201cIt is not a bunch of heedless people who will judge my morality,\u201d she tweeted. \u201cI am a woman of this country who will continue on my artistic path. I have no doubt that one day, I will go to Isparta and sing my songs.\u201d<\/p><p style=\"font-weight: 400;\">Mosso is a strong proponent of the Istanbul Convention combating violence against women, which Erdogan pulled Turkey out of last year. She subsequently drew a large crowd at a public concert in more liberal Istanbul.<\/p><p style=\"font-weight: 400;\">Sources: <a href=\"https:\/\/www.france24.com\/en\/live-news\/20220625-turkey-s-banned-musicians-sing-the-blues-in-run-up-to-2023-vote\">France24<\/a>;\u00a0\u201c<a href=\"https:\/\/en.wikipedia.org\/wiki\/Melek_Mosso\">Melek Mosso<\/a>,\u201d Wikipedia \u00a0<\/p>\t\t\t\t\t\t\t\t<\/div>\n\t\t\t\t<\/div>\n\t\t\t\t\t<\/div>\n\t\t<\/div>\n\t\t\t\t<div class=\"elementor-column elementor-col-33 elementor-top-column elementor-element elementor-element-e19554c\" data-id=\"e19554c\" data-element_type=\"column\">\n\t\t\t<div class=\"elementor-widget-wrap elementor-element-populated\">\n\t\t\t\t\t\t<div class=\"elementor-element elementor-element-bcbbbae elementor-widget elementor-widget-image\" data-id=\"bcbbbae\" data-element_type=\"widget\" data-widget_type=\"image.default\">\n\t\t\t\t<div class=\"elementor-widget-container\">\n\t\t\t\t\t\t\t\t\t\t\t\t\t\t\t<img loading=\"lazy\" decoding=\"async\" width=\"798\" height=\"1024\" src=\"https:\/\/nykcc.org\/oldsite\/wp-content\/uploads\/2023\/01\/photo-Melek-Mosso-e1673910946480-798x1024.jpg\" class=\"attachment-large size-large wp-image-2223\" alt=\"Melek Mosso\" srcset=\"https:\/\/nykcc.org\/oldsite\/wp-content\/uploads\/2023\/01\/photo-Melek-Mosso-e1673910946480-798x1024.jpg 798w, https:\/\/nykcc.org\/oldsite\/wp-content\/uploads\/2023\/01\/photo-Melek-Mosso-e1673910946480-234x300.jpg 234w, https:\/\/nykcc.org\/oldsite\/wp-content\/uploads\/2023\/01\/photo-Melek-Mosso-e1673910946480-768x985.jpg 768w, https:\/\/nykcc.org\/oldsite\/wp-content\/uploads\/2023\/01\/photo-Melek-Mosso-e1673910946480.jpg 986w\" sizes=\"(max-width: 798px) 100vw, 798px\" \/>\t\t\t\t\t\t\t\t\t\t\t\t\t\t\t<\/div>\n\t\t\t\t<\/div>\n\t\t\t\t\t<\/div>\n\t\t<\/div>\n\t\t\t\t\t<\/div>\n\t\t<\/section>\n\t\t\t\t<section class=\"elementor-section elementor-top-section elementor-element elementor-element-ac88433 elementor-section-boxed elementor-section-height-default elementor-section-height-default\" data-id=\"ac88433\" data-element_type=\"section\">\n\t\t\t\t\t\t<div class=\"elementor-container elementor-column-gap-default\">\n\t\t\t\t\t<div class=\"elementor-column elementor-col-66 elementor-top-column elementor-element elementor-element-8411f42\" data-id=\"8411f42\" data-element_type=\"column\">\n\t\t\t<div class=\"elementor-widget-wrap elementor-element-populated\">\n\t\t\t\t\t\t<div class=\"elementor-element elementor-element-7580dd9 elementor-widget elementor-widget-text-editor\" data-id=\"7580dd9\" data-element_type=\"widget\" data-widget_type=\"text-editor.default\">\n\t\t\t\t<div class=\"elementor-widget-container\">\n\t\t\t\t\t\t\t\t\t<p style=\"font-weight: 400;\"><strong>Apolas Lermi<\/strong><\/p><p style=\"font-weight: 400;\">The Turkish folksinger Abdurrahman Lermi\u2014known as Apolas Lermi on stage\u2014saw two of his concerts cancelled.<\/p><p style=\"font-weight: 400;\">In Mamukkale, in Denizli province, he was to give a concert on May 29. But the ruling AKP&#8217;s Pamukkale Municipality cancelled it. \u00a0A second concert on June 11 in Bostanc\u0131, Istanbul, was cancelled by the organizing company.<\/p><p style=\"font-weight: 400;\">\u201cThe concerts have been cancelled because of the statements and posts of a certain person who targeted me,\u201d Apolas Lermi said. He was likely referring to the far-right politician \u00dcmit \u00d6zda\u011f, who had accused him of slander for calling the 1913 ethnic cleansing of Ottoman Greeks a genocide.<\/p><p style=\"font-weight: 400;\">Lermi often performs traditional songs from the Black Sea region. He supports breaking down ethnic prejudices in Turkey.<\/p><p style=\"font-weight: 400;\">Source: <a href=\"https:\/\/ahvalnews.com\/turkey-music\/turkey-vs-music-nine-artists-gigs-cancelled-two-weeks\">Ahval News\u00a0<\/a><\/p>\t\t\t\t\t\t\t\t<\/div>\n\t\t\t\t<\/div>\n\t\t\t\t\t<\/div>\n\t\t<\/div>\n\t\t\t\t<div class=\"elementor-column elementor-col-33 elementor-top-column elementor-element elementor-element-f601ffb\" data-id=\"f601ffb\" data-element_type=\"column\">\n\t\t\t<div class=\"elementor-widget-wrap elementor-element-populated\">\n\t\t\t\t\t\t<div class=\"elementor-element elementor-element-a60dd9c elementor-widget elementor-widget-image\" data-id=\"a60dd9c\" data-element_type=\"widget\" data-widget_type=\"image.default\">\n\t\t\t\t<div class=\"elementor-widget-container\">\n\t\t\t\t\t\t\t\t\t\t\t\t\t\t\t<img loading=\"lazy\" decoding=\"async\" width=\"800\" height=\"625\" src=\"https:\/\/nykcc.org\/oldsite\/wp-content\/uploads\/2023\/01\/photo-Apolas-Lermi.jpg\" class=\"attachment-large size-large wp-image-2218\" alt=\"Apolas Lermi\" srcset=\"https:\/\/nykcc.org\/oldsite\/wp-content\/uploads\/2023\/01\/photo-Apolas-Lermi.jpg 938w, https:\/\/nykcc.org\/oldsite\/wp-content\/uploads\/2023\/01\/photo-Apolas-Lermi-300x234.jpg 300w, https:\/\/nykcc.org\/oldsite\/wp-content\/uploads\/2023\/01\/photo-Apolas-Lermi-768x600.jpg 768w\" sizes=\"(max-width: 800px) 100vw, 800px\" \/>\t\t\t\t\t\t\t\t\t\t\t\t\t\t\t<\/div>\n\t\t\t\t<\/div>\n\t\t\t\t\t<\/div>\n\t\t<\/div>\n\t\t\t\t\t<\/div>\n\t\t<\/section>\n\t\t\t\t<section class=\"elementor-section elementor-top-section elementor-element elementor-element-44825f6 elementor-section-boxed elementor-section-height-default elementor-section-height-default\" data-id=\"44825f6\" data-element_type=\"section\">\n\t\t\t\t\t\t<div class=\"elementor-container elementor-column-gap-default\">\n\t\t\t\t\t<div class=\"elementor-column elementor-col-66 elementor-top-column elementor-element elementor-element-2ec53a7\" data-id=\"2ec53a7\" data-element_type=\"column\">\n\t\t\t<div class=\"elementor-widget-wrap elementor-element-populated\">\n\t\t\t\t\t\t<div class=\"elementor-element elementor-element-c97683b elementor-widget elementor-widget-text-editor\" data-id=\"c97683b\" data-element_type=\"widget\" data-widget_type=\"text-editor.default\">\n\t\t\t\t<div class=\"elementor-widget-container\">\n\t\t\t\t\t\t\t\t\t<p style=\"font-weight: 400;\"><strong>Mem Ararat<\/strong><\/p><p style=\"font-weight: 400;\">In northwestern Bursa province, the Kurdish musician Mem Ararat was to perform on May 29. But organizers announced that the governor\u2019s office had cancelled it due to security concerns.<\/p><p>Source: <a href=\"https:\/\/ahvalnews.com\/turkey-music\/turkey-vs-music-nine-artists-gigs-cancelled-two-weeks\">Ahval News\u00a0<\/a><\/p>\t\t\t\t\t\t\t\t<\/div>\n\t\t\t\t<\/div>\n\t\t\t\t\t<\/div>\n\t\t<\/div>\n\t\t\t\t<div class=\"elementor-column elementor-col-33 elementor-top-column elementor-element elementor-element-f33ab42\" data-id=\"f33ab42\" data-element_type=\"column\">\n\t\t\t<div class=\"elementor-widget-wrap elementor-element-populated\">\n\t\t\t\t\t\t<div class=\"elementor-element elementor-element-96901d2 elementor-widget elementor-widget-image\" data-id=\"96901d2\" data-element_type=\"widget\" data-widget_type=\"image.default\">\n\t\t\t\t<div class=\"elementor-widget-container\">\n\t\t\t\t\t\t\t\t\t\t\t\t\t\t\t<img loading=\"lazy\" decoding=\"async\" width=\"800\" height=\"534\" src=\"https:\/\/nykcc.org\/oldsite\/wp-content\/uploads\/2022\/07\/photo-Mem-Ararat-1024x683.jpg\" class=\"attachment-large size-large wp-image-2243\" alt=\"Mem Ararat\" srcset=\"https:\/\/nykcc.org\/oldsite\/wp-content\/uploads\/2022\/07\/photo-Mem-Ararat-1024x683.jpg 1024w, https:\/\/nykcc.org\/oldsite\/wp-content\/uploads\/2022\/07\/photo-Mem-Ararat-300x200.jpg 300w, https:\/\/nykcc.org\/oldsite\/wp-content\/uploads\/2022\/07\/photo-Mem-Ararat-768x512.jpg 768w, https:\/\/nykcc.org\/oldsite\/wp-content\/uploads\/2022\/07\/photo-Mem-Ararat.jpg 1200w\" sizes=\"(max-width: 800px) 100vw, 800px\" \/>\t\t\t\t\t\t\t\t\t\t\t\t\t\t\t<\/div>\n\t\t\t\t<\/div>\n\t\t\t\t\t<\/div>\n\t\t<\/div>\n\t\t\t\t\t<\/div>\n\t\t<\/section>\n\t\t\t\t<section class=\"elementor-section elementor-top-section elementor-element elementor-element-9cceaf2 elementor-section-boxed elementor-section-height-default elementor-section-height-default\" data-id=\"9cceaf2\" data-element_type=\"section\">\n\t\t\t\t\t\t<div class=\"elementor-container elementor-column-gap-default\">\n\t\t\t\t\t<div class=\"elementor-column elementor-col-66 elementor-top-column elementor-element elementor-element-ad9022a\" data-id=\"ad9022a\" data-element_type=\"column\">\n\t\t\t<div class=\"elementor-widget-wrap elementor-element-populated\">\n\t\t\t\t\t\t<div class=\"elementor-element elementor-element-c85e907 elementor-widget elementor-widget-text-editor\" data-id=\"c85e907\" data-element_type=\"widget\" data-widget_type=\"text-editor.default\">\n\t\t\t\t<div class=\"elementor-widget-container\">\n\t\t\t\t\t\t\t\t\t<p style=\"font-weight: 400;\"><strong>Sterka Karwan<\/strong><\/p><p style=\"font-weight: 400;\">In the southeastern Bitlis province, St\u00earka Karwan, a Kurdish band, was to perform at a university spring festival. The concert was cancelled. \u00a0<\/p><p style=\"font-weight: 400;\">Source: <a href=\"https:\/\/ahvalnews.com\/turkey-music\/turkey-vs-music-nine-artists-gigs-cancelled-two-weeks\">Ahval News\u00a0<\/a><\/p>\t\t\t\t\t\t\t\t<\/div>\n\t\t\t\t<\/div>\n\t\t\t\t\t<\/div>\n\t\t<\/div>\n\t\t\t\t<div class=\"elementor-column elementor-col-33 elementor-top-column elementor-element elementor-element-1f9e3c2\" data-id=\"1f9e3c2\" data-element_type=\"column\">\n\t\t\t<div class=\"elementor-widget-wrap elementor-element-populated\">\n\t\t\t\t\t\t<div class=\"elementor-element elementor-element-9becdf2 elementor-widget elementor-widget-image\" data-id=\"9becdf2\" data-element_type=\"widget\" data-widget_type=\"image.default\">\n\t\t\t\t<div class=\"elementor-widget-container\">\n\t\t\t\t\t\t\t\t\t\t\t\t\t\t\t<img loading=\"lazy\" decoding=\"async\" width=\"225\" height=\"225\" src=\"https:\/\/nykcc.org\/oldsite\/wp-content\/uploads\/2022\/07\/photo-Sterka-Karwan-facebook.jpg\" class=\"attachment-large size-large wp-image-2244\" alt=\"\" srcset=\"https:\/\/nykcc.org\/oldsite\/wp-content\/uploads\/2022\/07\/photo-Sterka-Karwan-facebook.jpg 225w, https:\/\/nykcc.org\/oldsite\/wp-content\/uploads\/2022\/07\/photo-Sterka-Karwan-facebook-150x150.jpg 150w\" sizes=\"(max-width: 225px) 100vw, 225px\" \/>\t\t\t\t\t\t\t\t\t\t\t\t\t\t\t<\/div>\n\t\t\t\t<\/div>\n\t\t\t\t\t<\/div>\n\t\t<\/div>\n\t\t\t\t\t<\/div>\n\t\t<\/section>\n\t\t\t\t<section class=\"elementor-section elementor-top-section elementor-element elementor-element-25fe1fa elementor-section-boxed elementor-section-height-default elementor-section-height-default\" data-id=\"25fe1fa\" data-element_type=\"section\">\n\t\t\t\t\t\t<div class=\"elementor-container elementor-column-gap-default\">\n\t\t\t\t\t<div class=\"elementor-column elementor-col-66 elementor-top-column elementor-element elementor-element-9d1e832\" data-id=\"9d1e832\" data-element_type=\"column\">\n\t\t\t<div class=\"elementor-widget-wrap elementor-element-populated\">\n\t\t\t\t\t\t<div class=\"elementor-element elementor-element-0e998f3 elementor-widget elementor-widget-text-editor\" data-id=\"0e998f3\" data-element_type=\"widget\" data-widget_type=\"text-editor.default\">\n\t\t\t\t<div class=\"elementor-widget-container\">\n\t\t\t\t\t\t\t\t\t<p style=\"font-weight: 400;\"><strong>Burhan \u015ee\u015fen<\/strong><\/p><p style=\"font-weight: 400;\">In Ankara, musician Burhan \u015ee\u015fen announced his May 25 concert in the Middle East Technical University spring festival was canceled.<\/p><p style=\"font-weight: 400;\">Source: <a href=\"https:\/\/ahvalnews.com\/turkey-music\/turkey-vs-music-nine-artists-gigs-cancelled-two-weeks\">Ahval News\u00a0<\/a><\/p>\t\t\t\t\t\t\t\t<\/div>\n\t\t\t\t<\/div>\n\t\t\t\t\t<\/div>\n\t\t<\/div>\n\t\t\t\t<div class=\"elementor-column elementor-col-33 elementor-top-column elementor-element elementor-element-0bef41c\" data-id=\"0bef41c\" data-element_type=\"column\">\n\t\t\t<div class=\"elementor-widget-wrap elementor-element-populated\">\n\t\t\t\t\t\t<div class=\"elementor-element elementor-element-f4a5d5d elementor-widget elementor-widget-image\" data-id=\"f4a5d5d\" data-element_type=\"widget\" data-widget_type=\"image.default\">\n\t\t\t\t<div class=\"elementor-widget-container\">\n\t\t\t\t\t\t\t\t\t\t\t\t\t\t\t<img loading=\"lazy\" decoding=\"async\" width=\"400\" height=\"400\" src=\"https:\/\/nykcc.org\/oldsite\/wp-content\/uploads\/2023\/01\/photo-Burhan-Sesen-on-Twitter.jpg\" class=\"attachment-large size-large wp-image-2221\" alt=\"Burhan \u015ee\u015fen\" srcset=\"https:\/\/nykcc.org\/oldsite\/wp-content\/uploads\/2023\/01\/photo-Burhan-Sesen-on-Twitter.jpg 400w, https:\/\/nykcc.org\/oldsite\/wp-content\/uploads\/2023\/01\/photo-Burhan-Sesen-on-Twitter-300x300.jpg 300w, https:\/\/nykcc.org\/oldsite\/wp-content\/uploads\/2023\/01\/photo-Burhan-Sesen-on-Twitter-150x150.jpg 150w\" sizes=\"(max-width: 400px) 100vw, 400px\" \/>\t\t\t\t\t\t\t\t\t\t\t\t\t\t\t<\/div>\n\t\t\t\t<\/div>\n\t\t\t\t\t<\/div>\n\t\t<\/div>\n\t\t\t\t\t<\/div>\n\t\t<\/section>\n\t\t\t\t<section class=\"elementor-section elementor-top-section elementor-element elementor-element-d8891ce elementor-section-boxed elementor-section-height-default elementor-section-height-default\" data-id=\"d8891ce\" data-element_type=\"section\">\n\t\t\t\t\t\t<div class=\"elementor-container elementor-column-gap-default\">\n\t\t\t\t\t<div class=\"elementor-column elementor-col-66 elementor-top-column elementor-element elementor-element-ecda450\" data-id=\"ecda450\" data-element_type=\"column\">\n\t\t\t<div class=\"elementor-widget-wrap elementor-element-populated\">\n\t\t\t\t\t\t<div class=\"elementor-element elementor-element-238ef91 elementor-widget elementor-widget-text-editor\" data-id=\"238ef91\" data-element_type=\"widget\" data-widget_type=\"text-editor.default\">\n\t\t\t\t<div class=\"elementor-widget-container\">\n\t\t\t\t\t\t\t\t\t<p style=\"font-weight: 400;\"><strong>Ara Malikian<\/strong><\/p><p style=\"font-weight: 400;\">Also in Ankara, the Armenian violinist Ara Malikian was scheduled to perform at the Ankara Culture Road Festival on June 11. The concert was cancelled on May 27, with no explanation given.<\/p><p style=\"font-weight: 400;\">Earlier in the week, Nationalist groups had accused Malikian of insulting the Turkish state\u2019s founder Mustafa Kemal Atat\u00fcrk, calling him a \u201cgenocidal psycho.\u201d<\/p><p style=\"font-weight: 400;\">Source: <a href=\"https:\/\/ahvalnews.com\/turkey-music\/turkey-vs-music-nine-artists-gigs-cancelled-two-weeks\">Ahval News\u00a0<\/a><\/p>\t\t\t\t\t\t\t\t<\/div>\n\t\t\t\t<\/div>\n\t\t\t\t\t<\/div>\n\t\t<\/div>\n\t\t\t\t<div class=\"elementor-column elementor-col-33 elementor-top-column elementor-element elementor-element-ddbe166\" data-id=\"ddbe166\" data-element_type=\"column\">\n\t\t\t<div class=\"elementor-widget-wrap elementor-element-populated\">\n\t\t\t\t\t\t<div class=\"elementor-element elementor-element-854016c elementor-widget elementor-widget-image\" data-id=\"854016c\" data-element_type=\"widget\" data-widget_type=\"image.default\">\n\t\t\t\t<div class=\"elementor-widget-container\">\n\t\t\t\t\t\t\t\t\t\t\t\t\t\t\t<img loading=\"lazy\" decoding=\"async\" width=\"426\" height=\"489\" src=\"https:\/\/nykcc.org\/oldsite\/wp-content\/uploads\/2023\/01\/photo-Ara-Malikian.jpg\" class=\"attachment-large size-large wp-image-2219\" alt=\"Ara Malikian\" srcset=\"https:\/\/nykcc.org\/oldsite\/wp-content\/uploads\/2023\/01\/photo-Ara-Malikian.jpg 426w, https:\/\/nykcc.org\/oldsite\/wp-content\/uploads\/2023\/01\/photo-Ara-Malikian-261x300.jpg 261w\" sizes=\"(max-width: 426px) 100vw, 426px\" \/>\t\t\t\t\t\t\t\t\t\t\t\t\t\t\t<\/div>\n\t\t\t\t<\/div>\n\t\t\t\t\t<\/div>\n\t\t<\/div>\n\t\t\t\t\t<\/div>\n\t\t<\/section>\n\t\t\t\t<section class=\"elementor-section elementor-top-section elementor-element elementor-element-3ec8134 elementor-section-boxed elementor-section-height-default elementor-section-height-default\" data-id=\"3ec8134\" data-element_type=\"section\">\n\t\t\t\t\t\t<div class=\"elementor-container elementor-column-gap-default\">\n\t\t\t\t\t<div class=\"elementor-column elementor-col-100 elementor-top-column elementor-element elementor-element-828787a\" data-id=\"828787a\" data-element_type=\"column\">\n\t\t\t<div class=\"elementor-widget-wrap elementor-element-populated\">\n\t\t\t\t\t\t<div class=\"elementor-element elementor-element-d8a95cc elementor-widget elementor-widget-text-editor\" data-id=\"d8a95cc\" data-element_type=\"widget\" data-widget_type=\"text-editor.default\">\n\t\t\t\t<div class=\"elementor-widget-container\">\n\t\t\t\t\t\t\t\t\t<p style=\"font-weight: 400;\">So many concerts canceled in only two weeks: in the Turkish parliament, HDP deputies said that there were too many to be coincidental. \u201c<a href=\"https:\/\/www.al-monitor.com\/originals\/2022\/05\/akp-municipalities-tone-down-volume-kurd-pop-turkey\">Is there<\/a> a circular to governor\u2019s offices and to AKP-led municipalities to ban such events?\u201d Tulay Hatimoglu, the party\u2019s Adana deputy, asked Interior Minister Suleyman Soylu.<\/p><p style=\"font-weight: 400;\">Other Kurdish musicians have protested the cancellations. On June 21, World Music Day, Kurdish musicians from Istanbul&#8217;s Mesopotamia Cultural Center gathered in \u0130stiklal Avenue and sang several songs in Kurdish, including Aram Tigran\u2019s \u201c<a href=\"https:\/\/www.youtube.com\/watch?v=W10df5jEQR0\">Z\u00eeman\u00ea Kurd\u00ee<\/a>\u201d (\u201cKurdish Language\u201d).<\/p><p style=\"font-weight: 400;\">\u201c<a href=\"https:\/\/medyanews.net\/kurdish-musicians-condemn-bans-on-their-language-on-world-music-day\/\">Around<\/a> the world, people make music and experience music freely,\u201d MKM artist Talat Ye\u015fil told the protesters. \u201cUnfortunately, in these lands home to at least 20 million Kurds, concerts are banned for being in Kurdish.\u201d Engin Cengiz, another MKM artist, said the group decided to hold the protest \u201cso music can be free, in all languages, in all societies. \u2026 We want freedom for all languages and all music.\u201d<\/p><p style=\"font-weight: 400;\">The cancellation of concerts extends the reach of authoritarianism in Turkey to the municipalities . There is no legal ban on Kurdish music; governors ban concerts on spurious political grounds. \u00a0\u201c<a href=\"https:\/\/www.al-monitor.com\/originals\/2022\/05\/akp-municipalities-tone-down-volume-kurd-pop-turkey\">The rhetoric<\/a> used to paint artists \u2014 especially women \u2014 as immoral and to associate Kurdish artists with terrorism reflects the identity politics of a hyper-masculine nationalist populist regime intent on marginalizing opposition of all forms,\u201d said Lisel Hintz,\u00a0 author of <em>Identity Politics Inside Out: National Identity Contestation and Foreign Policy in Turkey<\/em> (New York: Oxford University Press, 2018)<\/p>\t\t\t\t\t\t\t\t<\/div>\n\t\t\t\t<\/div>\n\t\t\t\t\t<\/div>\n\t\t<\/div>\n\t\t\t\t\t<\/div>\n\t\t<\/section>\n\t\t\t\t<\/div>\n\t\t","protected":false},"excerpt":{"rendered":"<p>The AKP cancelled many Kurdish and other ethnic concerts in May 2020<\/p>\n","protected":false},"author":1,"featured_media":2225,"comment_status":"closed","ping_status":"open","sticky":false,"template":"","format":"standard","meta":{"give_campaign_id":0,"_monsterinsights_skip_tracking":false,"_monsterinsights_sitenote_active":false,"_monsterinsights_sitenote_note":"","_monsterinsights_sitenote_category":0,"footnotes":""},"categories":[58],"tags":[49],"class_list":["post-2227","post","type-post","status-publish","format-standard","has-post-thumbnail","hentry","category-music","tag-music"],"aioseo_notices":[],"_links":{"self":[{"href":"https:\/\/nykcc.org\/oldsite\/wp-json\/wp\/v2\/posts\/2227","targetHints":{"allow":["GET"]}}],"collection":[{"href":"https:\/\/nykcc.org\/oldsite\/wp-json\/wp\/v2\/posts"}],"about":[{"href":"https:\/\/nykcc.org\/oldsite\/wp-json\/wp\/v2\/types\/post"}],"author":[{"embeddable":true,"href":"https:\/\/nykcc.org\/oldsite\/wp-json\/wp\/v2\/users\/1"}],"replies":[{"embeddable":true,"href":"https:\/\/nykcc.org\/oldsite\/wp-json\/wp\/v2\/comments?post=2227"}],"version-history":[{"count":20,"href":"https:\/\/nykcc.org\/oldsite\/wp-json\/wp\/v2\/posts\/2227\/revisions"}],"predecessor-version":[{"id":3727,"href":"https:\/\/nykcc.org\/oldsite\/wp-json\/wp\/v2\/posts\/2227\/revisions\/3727"}],"wp:featuredmedia":[{"embeddable":true,"href":"https:\/\/nykcc.org\/oldsite\/wp-json\/wp\/v2\/media\/2225"}],"wp:attachment":[{"href":"https:\/\/nykcc.org\/oldsite\/wp-json\/wp\/v2\/media?parent=2227"}],"wp:term":[{"taxonomy":"category","embeddable":true,"href":"https:\/\/nykcc.org\/oldsite\/wp-json\/wp\/v2\/categories?post=2227"},{"taxonomy":"post_tag","embeddable":true,"href":"https:\/\/nykcc.org\/oldsite\/wp-json\/wp\/v2\/tags?post=2227"}],"curies":[{"name":"wp","href":"https:\/\/api.w.org\/{rel}","templated":true}]}}