{"id":11252,"date":"2024-09-20T21:10:15","date_gmt":"2024-09-21T01:10:15","guid":{"rendered":"https:\/\/nykcc.org\/?p=11252"},"modified":"2025-01-27T18:08:23","modified_gmt":"2025-01-27T23:08:23","slug":"sidar-capik-musician","status":"publish","type":"post","link":"https:\/\/nykcc.org\/oldsite\/sidar-capik-musician\/","title":{"rendered":"Sidar \u00c7apik, musician"},"content":{"rendered":"\t\t<div data-elementor-type=\"wp-post\" data-elementor-id=\"11252\" class=\"elementor elementor-11252\" data-elementor-post-type=\"post\">\n\t\t\t\t<div class=\"elementor-element elementor-element-33bdaf8 e-flex e-con-boxed e-con e-parent\" data-id=\"33bdaf8\" data-element_type=\"container\" data-settings=\"{&quot;background_background&quot;:&quot;classic&quot;}\">\n\t\t\t\t\t<div class=\"e-con-inner\">\n\t\t\t\t<div class=\"elementor-element elementor-element-932ae73 elementor-widget elementor-widget-heading\" data-id=\"932ae73\" data-element_type=\"widget\" data-widget_type=\"heading.default\">\n\t\t\t\t<div class=\"elementor-widget-container\">\n\t\t\t\t\t<h1 class=\"elementor-heading-title elementor-size-default\">Sidar \u00c7apik, musician<\/h1>\t\t\t\t<\/div>\n\t\t\t\t<\/div>\n\t\t\t\t\t<\/div>\n\t\t\t\t<\/div>\n\t\t<div class=\"elementor-element elementor-element-a2707f2 e-flex e-con-boxed e-con e-parent\" data-id=\"a2707f2\" data-element_type=\"container\" data-settings=\"{&quot;background_background&quot;:&quot;classic&quot;}\">\n\t\t\t\t\t<div class=\"e-con-inner\">\n\t\t\t\t<div class=\"elementor-element elementor-element-7beb0f9 elementor-widget elementor-widget-text-editor\" data-id=\"7beb0f9\" data-element_type=\"widget\" data-widget_type=\"text-editor.default\">\n\t\t\t\t<div class=\"elementor-widget-container\">\n\t\t\t\t\t\t\t\t\t<p><span style=\"font-weight: 400;\">Sidar \u00c7apik is a Kurdish singer and music producer based in Southern California. He blends Kurdish storytelling, dengb\u00eaj\u00ee, with jazz and electronic music elements to bring universality to his cultural heritage. Sidar aims to introduce Kurdish folk music to Western audiences, showcasing the richness of his people&#8217;s history.<\/span><\/p><p style=\"font-weight: 400;\">Sitranb\u00eaj \u00fb berhemh\u00eaner \u00ea kurd Sidar \u00c7iplak li Ba\u015f\u00fbr\u00ea Kaliforniyay\u00ea dije. Sidar \u00e7\u00eerokb\u00eaj\u00ee \u00fb dengb\u00eaj\u00eeya kurd\u00ee bi rih\u00ea jazz \u00fb muz\u00eeka elektronik\u00ea\u00a0 ve \u00fb bi reng\u00ea \u00e7and \u00fb ferhanga xwe ra dixemel\u00eene \u00fb distr\u00eene. Muzika kurd\u00ee ya ber\u00ea d\u00eesa dih\u00eene rih \u00fb wan bi reng\u00ea muzika amer\u00eek\u00ee bi guhdar \u00fb tema\u015fevan\u00a0 dide nas\u00een.<\/p>\t\t\t\t\t\t\t\t<\/div>\n\t\t\t\t<\/div>\n\t\t\t\t\t<\/div>\n\t\t\t\t<\/div>\n\t\t<div class=\"elementor-element elementor-element-9895aa1 e-flex e-con-boxed e-con e-parent\" data-id=\"9895aa1\" data-element_type=\"container\" data-settings=\"{&quot;background_background&quot;:&quot;classic&quot;}\">\n\t\t\t\t\t<div class=\"e-con-inner\">\n\t\t\t\t<div class=\"elementor-element elementor-element-efb7817 elementor-widget elementor-widget-image\" data-id=\"efb7817\" data-element_type=\"widget\" data-widget_type=\"image.default\">\n\t\t\t\t<div class=\"elementor-widget-container\">\n\t\t\t\t\t\t\t\t\t\t\t\t\t\t\t<img fetchpriority=\"high\" decoding=\"async\" width=\"762\" height=\"846\" src=\"https:\/\/nykcc.org\/oldsite\/wp-content\/uploads\/2024\/09\/musician.jpeg\" class=\"attachment-large size-large wp-image-11455\" alt=\"Sidar Capik\" srcset=\"https:\/\/nykcc.org\/oldsite\/wp-content\/uploads\/2024\/09\/musician.jpeg 762w, https:\/\/nykcc.org\/oldsite\/wp-content\/uploads\/2024\/09\/musician-270x300.jpeg 270w\" sizes=\"(max-width: 762px) 100vw, 762px\" \/>\t\t\t\t\t\t\t\t\t\t\t\t\t\t\t<\/div>\n\t\t\t\t<\/div>\n\t\t\t\t\t<\/div>\n\t\t\t\t<\/div>\n\t\t<div class=\"elementor-element elementor-element-805519f e-flex e-con-boxed e-con e-parent\" data-id=\"805519f\" data-element_type=\"container\" data-settings=\"{&quot;background_background&quot;:&quot;classic&quot;}\">\n\t\t\t\t\t<div class=\"e-con-inner\">\n\t\t\t\t<div class=\"elementor-element elementor-element-cd2d1e6 elementor-widget elementor-widget-spacer\" data-id=\"cd2d1e6\" data-element_type=\"widget\" data-widget_type=\"spacer.default\">\n\t\t\t\t<div class=\"elementor-widget-container\">\n\t\t\t\t\t\t\t<div class=\"elementor-spacer\">\n\t\t\t<div class=\"elementor-spacer-inner\"><\/div>\n\t\t<\/div>\n\t\t\t\t\t\t<\/div>\n\t\t\t\t<\/div>\n\t\t\t\t\t<\/div>\n\t\t\t\t<\/div>\n\t\t<div class=\"elementor-element elementor-element-6f9ba64 e-flex e-con-boxed e-con e-parent\" data-id=\"6f9ba64\" data-element_type=\"container\" data-settings=\"{&quot;background_background&quot;:&quot;classic&quot;}\">\n\t\t\t\t\t<div class=\"e-con-inner\">\n\t\t\t\t<div class=\"elementor-element elementor-element-147ec06 elementor-widget elementor-widget-heading\" data-id=\"147ec06\" data-element_type=\"widget\" data-widget_type=\"heading.default\">\n\t\t\t\t<div class=\"elementor-widget-container\">\n\t\t\t\t\t<h2 class=\"elementor-heading-title elementor-size-default\">NYKFF8 Performance<br>Saturday, October 12, 7pm \u2013 7:30 pm<br>\nat Village East by Angelika, 181-189 Second Avenue<\/h2>\t\t\t\t<\/div>\n\t\t\t\t<\/div>\n\t\t\t\t\t<\/div>\n\t\t\t\t<\/div>\n\t\t<div class=\"elementor-element elementor-element-d089602 e-flex e-con-boxed e-con e-parent\" data-id=\"d089602\" data-element_type=\"container\" data-settings=\"{&quot;background_background&quot;:&quot;classic&quot;}\">\n\t\t\t\t\t<div class=\"e-con-inner\">\n\t\t\t\t<div class=\"elementor-element elementor-element-441bb43 elementor-widget elementor-widget-spacer\" data-id=\"441bb43\" data-element_type=\"widget\" data-widget_type=\"spacer.default\">\n\t\t\t\t<div class=\"elementor-widget-container\">\n\t\t\t\t\t\t\t<div class=\"elementor-spacer\">\n\t\t\t<div class=\"elementor-spacer-inner\"><\/div>\n\t\t<\/div>\n\t\t\t\t\t\t<\/div>\n\t\t\t\t<\/div>\n\t\t\t\t\t<\/div>\n\t\t\t\t<\/div>\n\t\t\t\t<\/div>\n\t\t","protected":false},"excerpt":{"rendered":"<p>Sidar \u00c7apik, musician Sidar \u00c7apik is a Kurdish singer and music producer based in Southern California. He blends Kurdish storytelling, dengb\u00eaj\u00ee, with jazz and electronic music elements to bring universality to his cultural heritage. Sidar aims to introduce Kurdish folk music to Western audiences, showcasing the richness of his people&#8217;s history. Sitranb\u00eaj \u00fb berhemh\u00eaner \u00ea [&hellip;]<\/p>\n","protected":false},"author":1,"featured_media":11258,"comment_status":"closed","ping_status":"open","sticky":false,"template":"","format":"standard","meta":{"give_campaign_id":0,"_monsterinsights_skip_tracking":false,"_monsterinsights_sitenote_active":false,"_monsterinsights_sitenote_note":"","_monsterinsights_sitenote_category":0,"footnotes":""},"categories":[58,184],"tags":[182],"class_list":["post-11252","post","type-post","status-publish","format-standard","has-post-thumbnail","hentry","category-music","category-nykff8-nonfilm-events","tag-nykff8"],"aioseo_notices":[],"_links":{"self":[{"href":"https:\/\/nykcc.org\/oldsite\/wp-json\/wp\/v2\/posts\/11252","targetHints":{"allow":["GET"]}}],"collection":[{"href":"https:\/\/nykcc.org\/oldsite\/wp-json\/wp\/v2\/posts"}],"about":[{"href":"https:\/\/nykcc.org\/oldsite\/wp-json\/wp\/v2\/types\/post"}],"author":[{"embeddable":true,"href":"https:\/\/nykcc.org\/oldsite\/wp-json\/wp\/v2\/users\/1"}],"replies":[{"embeddable":true,"href":"https:\/\/nykcc.org\/oldsite\/wp-json\/wp\/v2\/comments?post=11252"}],"version-history":[{"count":13,"href":"https:\/\/nykcc.org\/oldsite\/wp-json\/wp\/v2\/posts\/11252\/revisions"}],"predecessor-version":[{"id":12154,"href":"https:\/\/nykcc.org\/oldsite\/wp-json\/wp\/v2\/posts\/11252\/revisions\/12154"}],"wp:featuredmedia":[{"embeddable":true,"href":"https:\/\/nykcc.org\/oldsite\/wp-json\/wp\/v2\/media\/11258"}],"wp:attachment":[{"href":"https:\/\/nykcc.org\/oldsite\/wp-json\/wp\/v2\/media?parent=11252"}],"wp:term":[{"taxonomy":"category","embeddable":true,"href":"https:\/\/nykcc.org\/oldsite\/wp-json\/wp\/v2\/categories?post=11252"},{"taxonomy":"post_tag","embeddable":true,"href":"https:\/\/nykcc.org\/oldsite\/wp-json\/wp\/v2\/tags?post=11252"}],"curies":[{"name":"wp","href":"https:\/\/api.w.org\/{rel}","templated":true}]}}