{"id":1090,"date":"2020-11-15T20:30:00","date_gmt":"2020-11-16T01:30:00","guid":{"rendered":"https:\/\/nykcc.org\/?p=1090"},"modified":"2024-10-05T18:51:21","modified_gmt":"2024-10-05T22:51:21","slug":"ny-kurdish-film-festival-4th-edition","status":"publish","type":"post","link":"https:\/\/nykcc.org\/oldsite\/ny-kurdish-film-festival-4th-edition\/","title":{"rendered":"NY Kurdish Film Festival, 4th Edition"},"content":{"rendered":"\t\t<div data-elementor-type=\"wp-post\" data-elementor-id=\"1090\" class=\"elementor elementor-1090\" data-elementor-post-type=\"post\">\n\t\t\t\t\t\t<section class=\"elementor-section elementor-top-section elementor-element elementor-element-7aa3a0e elementor-section-boxed elementor-section-height-default elementor-section-height-default\" data-id=\"7aa3a0e\" data-element_type=\"section\">\n\t\t\t\t\t\t<div class=\"elementor-container elementor-column-gap-default\">\n\t\t\t\t\t<div class=\"elementor-column elementor-col-100 elementor-top-column elementor-element elementor-element-7246175\" data-id=\"7246175\" data-element_type=\"column\">\n\t\t\t<div class=\"elementor-widget-wrap elementor-element-populated\">\n\t\t\t\t\t\t<div class=\"elementor-element elementor-element-6292128 elementor-widget elementor-widget-heading\" data-id=\"6292128\" data-element_type=\"widget\" data-widget_type=\"heading.default\">\n\t\t\t\t<div class=\"elementor-widget-container\">\n\t\t\t\t\t<h2 class=\"elementor-heading-title elementor-size-default\">New York Kurdish Film Festival, 4th Edition<\/h2>\t\t\t\t<\/div>\n\t\t\t\t<\/div>\n\t\t\t\t\t<\/div>\n\t\t<\/div>\n\t\t\t\t\t<\/div>\n\t\t<\/section>\n\t\t\t\t<section class=\"elementor-section elementor-top-section elementor-element elementor-element-6cee2c4 elementor-section-boxed elementor-section-height-default elementor-section-height-default\" data-id=\"6cee2c4\" data-element_type=\"section\">\n\t\t\t\t\t\t<div class=\"elementor-container elementor-column-gap-default\">\n\t\t\t\t\t<div class=\"elementor-column elementor-col-100 elementor-top-column elementor-element elementor-element-61bbc86\" data-id=\"61bbc86\" data-element_type=\"column\">\n\t\t\t<div class=\"elementor-widget-wrap elementor-element-populated\">\n\t\t\t\t\t\t<div class=\"elementor-element elementor-element-b1af9b1 elementor-widget elementor-widget-text-editor\" data-id=\"b1af9b1\" data-element_type=\"widget\" data-widget_type=\"text-editor.default\">\n\t\t\t\t<div class=\"elementor-widget-container\">\n\t\t\t\t\t\t\t\t\t<p style=\"font-weight: 400;\"><img fetchpriority=\"high\" decoding=\"async\" class=\"alignright wp-image-968\" src=\"https:\/\/nykcc.org\/oldsite\/oldsite\/\/wp-content\/uploads\/2022\/12\/Edition-4-2020-vertical-235x300.jpg\" alt=\"NY Kurdish Film Festival, 4th edition\" width=\"350\" height=\"446\" srcset=\"https:\/\/nykcc.org\/oldsite\/wp-content\/uploads\/2022\/12\/Edition-4-2020-vertical-235x300.jpg 235w, https:\/\/nykcc.org\/oldsite\/wp-content\/uploads\/2022\/12\/Edition-4-2020-vertical.jpg 697w\" sizes=\"(max-width: 350px) 100vw, 350px\" \/>The fourth edition of the annual New York Kurdish Film Festival was held online from November 13 to 15, 2020. It offered a range of films, fiction and documentary, that speak to the condition of Kurdish people in Kurdistan and elsewhere in the world.<\/p><p style=\"font-weight: 400;\">At the opening of each day of the festival, a different person delivered welcoming remarks: \u00a0Ilham Bakir of the Middle East Cinema Academy Association; Avesta Kadir and Ferhan Sterk of the London Kurdish Film Festival; and Yousif Ishmael of Washington Kurdish Institute<\/p><p style=\"font-weight: 400;\"><strong>The films screened were:<\/strong><\/p><p style=\"font-weight: 400;\"><em>Ah, Asuman!,<\/em> directed by \u00dcmit Kivan\u00e7, based on Demirtas book (2019, short)<\/p><p style=\"font-weight: 400;\"><em>Alone with: Hussein (Smko),<\/em> directed by Ben Vogel (2018, short, documentary)<\/p><p style=\"font-weight: 400;\"><em>Among the Ruins<\/em> (<em>Y\u0131k\u0131nt\u0131lar Aras\u0131nda<\/em>), directed by \u00d6zcan Alper (2018, short)<\/p><p style=\"font-weight: 400;\"><em>Baghdad Messi,<\/em> directed by Sahim Omar Kalifa (2012, short, drama)<\/p><p style=\"font-weight: 400;\"><em>A Dance for Death, <\/em>directed by Zanyar Azizi (2019, documentary)<\/p><p style=\"font-weight: 400;\"><em>Dance,<\/em> directed by Baran M. Reihani<\/p><p style=\"font-weight: 400;\"><em>Don&#8217;t Cry Mother, I Am in the Better Place<\/em> (A\u011flama Anne G\u00fczel Yerdeyim), directed by \u00dcmit Kivan\u00e7 (2012, documentary)<\/p><p style=\"font-weight: 400;\"><em>The Flowers of Rojava: A Feminist Revolution in Northern Syria,<\/em> directed by Selene Verri and Magali Magnin, followed by Q&amp;A with Selene Verri (2020, documentary)<\/p><p style=\"font-weight: 400;\"><em>A Ghost Wanders Around Diyarbakir, <\/em>directed by \u00d6zcan Kucuk<\/p><p style=\"font-weight: 400;\"><em>Harmony for After War,<\/em> directed by Pablo Tosco and Migue Roth (2019, short, drama)<\/p><p style=\"font-weight: 400;\"><em>The Heavy Burden (Bar\u00ea Giran),<\/em> directed by Yilmaz \u00d6zdil (2020, short, drama)<\/p><p style=\"font-weight: 400;\"><em>Heritage,<\/em> directed by Baran Reihani (2019, short, animation)<\/p><p style=\"font-weight: 400;\"><em>Home,<\/em> directed by Felat Erkozan<\/p><p style=\"font-weight: 400;\"><em>Horse,<\/em> directed by Rasoul Ahmadi (short)<\/p><p style=\"font-weight: 400;\"><em>In Between,<\/em> directed by Ali Kemal Cinar (2018, drama)<\/p><p style=\"font-weight: 400;\"><em>Land of the Heroes,<\/em> directed by Sahim Omar Kalifa (2011, short, drama)<\/p><p style=\"font-weight: 400;\"><em>Last Breath,<\/em> directed by Foad Mahmoudi<\/p><p style=\"font-weight: 400;\"><em>Last Dance of Kocho,<\/em> artwork by Lukman Ahmad (2017, short, animation)<\/p><p style=\"font-weight: 400;\"><em>Life Gone with the Wind,<\/em> directed by Slavash Saedpanah and Mid Gharibi (short)<\/p><p style=\"font-weight: 400;\"><em>The Mandarin Tree,<\/em> directed by Cengiz Akayg\u00fcn (2018, short, drama)<\/p><p style=\"font-weight: 400;\"><em>The Memory, <\/em>directed by Burhan Ates<\/p><p style=\"font-weight: 400;\"><em>Mountain,<\/em> directed by Teymour Ghaderi (2019, short)<\/p><p style=\"font-weight: 400;\"><em>Outcast,<\/em> directed by Erhan Karahan<\/p><p style=\"font-weight: 400;\"><em>Pace,<\/em> directed by Rezzan Bayram (2019, short)<\/p><p style=\"font-weight: 400;\"><em>The Pattern,<\/em> directed by Azad Jannati (2018, short, animation)<\/p><p style=\"font-weight: 400;\"><em>Payizok,<\/em> directed by Numan Yigit<\/p><p style=\"font-weight: 400;\"><em>Red Shoes,<\/em> directed by Numan Yigit<\/p><p style=\"font-weight: 400;\"><em>Rojava,<\/em> sound by Daniel-Tony Marques Barreiro (animation, short)<\/p><p style=\"font-weight: 400;\"><em>Shadow of Water,<\/em> directed by Metin Yoksu<\/p><p style=\"font-weight: 400;\"><em>Silence of a Dream,<\/em> directed by Rohan Merwan (short)<\/p><p style=\"font-weight: 400;\"><em>Silent Light House,<\/em> written and directed by Farshad Qaffari and Payam Laghari (2018, short)<\/p><p style=\"font-weight: 400;\"><em>Slaughter,<\/em> directed by Ako Zandkarimi and Saman Hosseinpour (2018, short)<\/p><p style=\"font-weight: 400;\"><em>The State We Are In,<\/em> directed by Sava\u015f Boyraz and Mahkum Abi<\/p><p style=\"font-weight: 400;\"><em>There Was a Country,<\/em> directed by Hebun Polat (2018, short, drama)<\/p><p style=\"font-weight: 400;\"><strong>Additional events:<\/strong><\/p><p style=\"font-weight: 400;\">Basak Demirta\u015f read a message from her husband, imprisoned HDP former co-chair Selahattin Demirta\u015f<\/p><p style=\"font-weight: 400;\">Ferhat Encu, former HDP deputy, discussed the Roboski Massacre and the long struggle for justice<\/p><p style=\"font-weight: 400;\">Ava Homa talked about her novel <em>Daughters of Smoke and Fire <\/em>(2020)<\/p><p style=\"font-weight: 400;\">Behrouz Boochani discussed the role of literature in oppressed societies and diaspora<\/p><p style=\"font-weight: 400;\">Bakhtiar Khalili discussed Kat Film Distribution Agency<\/p><p style=\"font-weight: 400;\">Hussein Smko performed a dance<\/p><p style=\"font-weight: 400;\">Kijwar Karaman gave a musical performance<\/p><p style=\"font-weight: 400;\">Mirza Metin talked about \u201cKurdish Resistance and the Dramaturgy of Fire\u201d<\/p><p style=\"font-weight: 400;\">Sherko Bektas read Kurdish poetry<\/p><p style=\"font-weight: 400;\">\u00a0<\/p>\t\t\t\t\t\t\t\t<\/div>\n\t\t\t\t<\/div>\n\t\t\t\t\t<\/div>\n\t\t<\/div>\n\t\t\t\t\t<\/div>\n\t\t<\/section>\n\t\t\t\t<section class=\"elementor-section elementor-top-section elementor-element elementor-element-de8ba75 elementor-section-boxed elementor-section-height-default elementor-section-height-default\" data-id=\"de8ba75\" data-element_type=\"section\">\n\t\t\t\t\t\t<div class=\"elementor-container elementor-column-gap-default\">\n\t\t\t\t\t<div class=\"elementor-column elementor-col-100 elementor-top-column elementor-element elementor-element-60b6565\" data-id=\"60b6565\" data-element_type=\"column\">\n\t\t\t<div class=\"elementor-widget-wrap elementor-element-populated\">\n\t\t\t\t\t\t<div class=\"elementor-element elementor-element-a29f3df elementor-widget elementor-widget-image\" data-id=\"a29f3df\" data-element_type=\"widget\" data-widget_type=\"image.default\">\n\t\t\t\t<div class=\"elementor-widget-container\">\n\t\t\t\t\t\t\t\t\t\t\t\t\t\t\t<img decoding=\"async\" width=\"800\" height=\"618\" src=\"https:\/\/nykcc.org\/oldsite\/wp-content\/uploads\/2022\/12\/fourth-edition-friday-1024x791.jpeg\" class=\"attachment-large size-large wp-image-1165\" alt=\"FF4 Friday schedule\" srcset=\"https:\/\/nykcc.org\/oldsite\/wp-content\/uploads\/2022\/12\/fourth-edition-friday-1024x791.jpeg 1024w, https:\/\/nykcc.org\/oldsite\/wp-content\/uploads\/2022\/12\/fourth-edition-friday-300x232.jpeg 300w, https:\/\/nykcc.org\/oldsite\/wp-content\/uploads\/2022\/12\/fourth-edition-friday-768x593.jpeg 768w, https:\/\/nykcc.org\/oldsite\/wp-content\/uploads\/2022\/12\/fourth-edition-friday.jpeg 1200w\" sizes=\"(max-width: 800px) 100vw, 800px\" \/>\t\t\t\t\t\t\t\t\t\t\t\t\t\t\t<\/div>\n\t\t\t\t<\/div>\n\t\t\t\t\t<\/div>\n\t\t<\/div>\n\t\t\t\t\t<\/div>\n\t\t<\/section>\n\t\t\t\t<section class=\"elementor-section elementor-top-section elementor-element elementor-element-ede732e elementor-section-boxed elementor-section-height-default elementor-section-height-default\" data-id=\"ede732e\" data-element_type=\"section\">\n\t\t\t\t\t\t<div class=\"elementor-container elementor-column-gap-default\">\n\t\t\t\t\t<div class=\"elementor-column elementor-col-100 elementor-top-column elementor-element elementor-element-996a656\" data-id=\"996a656\" data-element_type=\"column\">\n\t\t\t<div class=\"elementor-widget-wrap elementor-element-populated\">\n\t\t\t\t\t\t<div class=\"elementor-element elementor-element-9d5d6c3 elementor-widget elementor-widget-image\" data-id=\"9d5d6c3\" data-element_type=\"widget\" data-widget_type=\"image.default\">\n\t\t\t\t<div class=\"elementor-widget-container\">\n\t\t\t\t\t\t\t\t\t\t\t\t\t\t\t<img decoding=\"async\" width=\"800\" height=\"618\" src=\"https:\/\/nykcc.org\/oldsite\/wp-content\/uploads\/2022\/12\/fourth-edition-Saturday_lo-1024x791.jpg\" class=\"attachment-large size-large wp-image-1167\" alt=\"FF 4 Saturday schedule\" srcset=\"https:\/\/nykcc.org\/oldsite\/wp-content\/uploads\/2022\/12\/fourth-edition-Saturday_lo-1024x791.jpg 1024w, https:\/\/nykcc.org\/oldsite\/wp-content\/uploads\/2022\/12\/fourth-edition-Saturday_lo-300x232.jpg 300w, https:\/\/nykcc.org\/oldsite\/wp-content\/uploads\/2022\/12\/fourth-edition-Saturday_lo-768x593.jpg 768w, https:\/\/nykcc.org\/oldsite\/wp-content\/uploads\/2022\/12\/fourth-edition-Saturday_lo-1536x1187.jpg 1536w, https:\/\/nykcc.org\/oldsite\/wp-content\/uploads\/2022\/12\/fourth-edition-Saturday_lo-2048x1583.jpg 2048w\" sizes=\"(max-width: 800px) 100vw, 800px\" \/>\t\t\t\t\t\t\t\t\t\t\t\t\t\t\t<\/div>\n\t\t\t\t<\/div>\n\t\t\t\t\t<\/div>\n\t\t<\/div>\n\t\t\t\t\t<\/div>\n\t\t<\/section>\n\t\t\t\t<section class=\"elementor-section elementor-top-section elementor-element elementor-element-3f2636e elementor-section-boxed elementor-section-height-default elementor-section-height-default\" data-id=\"3f2636e\" data-element_type=\"section\">\n\t\t\t\t\t\t<div class=\"elementor-container elementor-column-gap-default\">\n\t\t\t\t\t<div class=\"elementor-column elementor-col-100 elementor-top-column elementor-element elementor-element-0ecb7e4\" data-id=\"0ecb7e4\" data-element_type=\"column\">\n\t\t\t<div class=\"elementor-widget-wrap elementor-element-populated\">\n\t\t\t\t\t\t<div class=\"elementor-element elementor-element-01da305 elementor-widget elementor-widget-image\" data-id=\"01da305\" data-element_type=\"widget\" data-widget_type=\"image.default\">\n\t\t\t\t<div class=\"elementor-widget-container\">\n\t\t\t\t\t\t\t\t\t\t\t\t\t\t\t<img loading=\"lazy\" decoding=\"async\" width=\"800\" height=\"618\" src=\"https:\/\/nykcc.org\/oldsite\/wp-content\/uploads\/2022\/12\/fourth-edition-Sunday-1-1024x791.jpeg\" class=\"attachment-large size-large wp-image-1166\" alt=\"FF4 Sunday schedule\" srcset=\"https:\/\/nykcc.org\/oldsite\/wp-content\/uploads\/2022\/12\/fourth-edition-Sunday-1-1024x791.jpeg 1024w, https:\/\/nykcc.org\/oldsite\/wp-content\/uploads\/2022\/12\/fourth-edition-Sunday-1-300x232.jpeg 300w, https:\/\/nykcc.org\/oldsite\/wp-content\/uploads\/2022\/12\/fourth-edition-Sunday-1-768x593.jpeg 768w, https:\/\/nykcc.org\/oldsite\/wp-content\/uploads\/2022\/12\/fourth-edition-Sunday-1.jpeg 1200w\" sizes=\"(max-width: 800px) 100vw, 800px\" \/>\t\t\t\t\t\t\t\t\t\t\t\t\t\t\t<\/div>\n\t\t\t\t<\/div>\n\t\t\t\t\t<\/div>\n\t\t<\/div>\n\t\t\t\t\t<\/div>\n\t\t<\/section>\n\t\t\t\t<\/div>\n\t\t","protected":false},"excerpt":{"rendered":"<p>New York Kurdish Film Festival, 4th Edition The fourth edition of the annual New York Kurdish Film Festival was held online from November 13 to 15, 2020. It offered a range of films, fiction and documentary, that speak to the condition of Kurdish people in Kurdistan and elsewhere in the world. At the opening of [&hellip;]<\/p>\n","protected":false},"author":1,"featured_media":1757,"comment_status":"closed","ping_status":"open","sticky":false,"template":"","format":"standard","meta":{"give_campaign_id":0,"_monsterinsights_skip_tracking":false,"_monsterinsights_sitenote_active":false,"_monsterinsights_sitenote_note":"","_monsterinsights_sitenote_category":0,"footnotes":""},"categories":[69],"tags":[],"class_list":["post-1090","post","type-post","status-publish","format-standard","has-post-thumbnail","hentry","category-film-festival"],"aioseo_notices":[],"_links":{"self":[{"href":"https:\/\/nykcc.org\/oldsite\/wp-json\/wp\/v2\/posts\/1090","targetHints":{"allow":["GET"]}}],"collection":[{"href":"https:\/\/nykcc.org\/oldsite\/wp-json\/wp\/v2\/posts"}],"about":[{"href":"https:\/\/nykcc.org\/oldsite\/wp-json\/wp\/v2\/types\/post"}],"author":[{"embeddable":true,"href":"https:\/\/nykcc.org\/oldsite\/wp-json\/wp\/v2\/users\/1"}],"replies":[{"embeddable":true,"href":"https:\/\/nykcc.org\/oldsite\/wp-json\/wp\/v2\/comments?post=1090"}],"version-history":[{"count":17,"href":"https:\/\/nykcc.org\/oldsite\/wp-json\/wp\/v2\/posts\/1090\/revisions"}],"predecessor-version":[{"id":1753,"href":"https:\/\/nykcc.org\/oldsite\/wp-json\/wp\/v2\/posts\/1090\/revisions\/1753"}],"wp:featuredmedia":[{"embeddable":true,"href":"https:\/\/nykcc.org\/oldsite\/wp-json\/wp\/v2\/media\/1757"}],"wp:attachment":[{"href":"https:\/\/nykcc.org\/oldsite\/wp-json\/wp\/v2\/media?parent=1090"}],"wp:term":[{"taxonomy":"category","embeddable":true,"href":"https:\/\/nykcc.org\/oldsite\/wp-json\/wp\/v2\/categories?post=1090"},{"taxonomy":"post_tag","embeddable":true,"href":"https:\/\/nykcc.org\/oldsite\/wp-json\/wp\/v2\/tags?post=1090"}],"curies":[{"name":"wp","href":"https:\/\/api.w.org\/{rel}","templated":true}]}}